{"id":101172,"date":"2021-11-07T18:24:45","date_gmt":"2021-11-07T21:24:45","guid":{"rendered":"https:\/\/eldiariodesanpedro.com.ar\/sitio\/?p=101172"},"modified":"2021-11-07T18:24:48","modified_gmt":"2021-11-07T21:24:48","slug":"ciclo-de-entrevistas-queremos-que-las-bancas-sean-el-punto-de-partida-de-los-reclamos-de-la-sociedad","status":"publish","type":"post","link":"https:\/\/eldiariodesanpedro.com.ar\/sitio\/ciclo-de-entrevistas-queremos-que-las-bancas-sean-el-punto-de-partida-de-los-reclamos-de-la-sociedad\/","title":{"rendered":"Ciclo de entrevistas: \u00abQueremos que las bancas sean el punto de partida de los reclamos de la sociedad\u00bb"},"content":{"rendered":"<!-- VideographyWP Plugin Message: Automatic video embedding prevented by plugin options. -->\n\n<p>El Frente de Izquierda Unidad compite en las elecciones generales en una lista que encabeza Claudio Cejas. El candidato, junto al tercero de la n\u00f3mina, Amadeo Grioni, pasaron por \u00abPensando el San Pedro que queremos\u00bb, el ciclo coproducido por Visi\u00f3n Regional y El Diario. Analizaron que \u00abla baja participaci\u00f3n electoral muestra el descontento de la poblaci\u00f3n\u00bb y pidieron \u00abuna cuota de poder\u00bb para poder \u00abseguir avanzando\u00bb.<\/p>\n\n\n\n<p>El frente que localmente integran representantes del PO y el PTS buscar\u00e1 el pr\u00f3ximo 14 de noviembre acceder a una banca en el Concejo Deliberante.&nbsp;<strong>Claudio Cejas<\/strong>&nbsp;y&nbsp;<strong>Amadeo Grioni<\/strong>, primer y tercer candidato respectivamente, participaron del ciclo de entrevistas&nbsp;<strong>\u00abPensando el San Pedro que queremos\u00bb,<\/strong>&nbsp;coproducido por&nbsp;<strong>Visi\u00f3n Regional<\/strong>&nbsp;y&nbsp;<strong>El Diario<\/strong>.<\/p>\n\n\n\n<p>\u00ab<strong>Nosotros queremos que las bancas sean punto de partida de los reclamos de la sociedad<\/strong>. El objetivo es poder llevar eso adelante, poder aprovechar estas elecciones para que nos den esa cuota de poder\u00bb, explic\u00f3 Grioni, quien sostuvo que \u00ab<strong>la baja participaci\u00f3n electoral muestra el descontento de la poblaci\u00f3n<\/strong>\u00bb con la dirigencia pol\u00edtica.&nbsp;<\/p>\n\n\n\n<p>Entre los principales ejes de sus programas, los candidatos enumeraron \u00abl<strong>a separaci\u00f3n de la Iglesia del Estado; la condena a lo que sucede en el Jard\u00edn Bel\u00e9n<\/strong>&nbsp;(en referencia a los denunciados hechos de abuso sexual contra alumnos y alumnas del establecimiento por parte del sacerdote Tulio Matiussi, el portero Anselmo Ojeda y la empleada Luj\u00e1n Rub\u00edes);&nbsp;<strong>el reclamo de la urgente soluci\u00f3n de la situaci\u00f3n de los trabajadores de la Cl\u00ednica San Pedro<\/strong>\u00ab.&nbsp;<\/p>\n\n\n\n<p>Adem\u00e1s exigieron \u00ab<strong>basta de violencia institucional, de gatillo f\u00e1cil; Justicia por Germ\u00e1n L\u00f3pez Garc\u00eda<\/strong>\u00bb (el hombre de 44 a\u00f1os que falleci\u00f3 tras estar 25 d\u00edas internado en el Hospital Emilio Ruffa como consecuencia de una golpiza por parte de efectivos de la Comisar\u00eda de San Pedro).&nbsp;<\/p>\n\n\n\n<p>Cejas y Grioni tambi\u00e9n&nbsp;<strong>se\u00f1alaron las dificultades generadas producto del \u00abgran negocio inmobiliario en San Pedro\u00bb, que incluyen alquileres \u00abimposibles\u00bb<\/strong>&nbsp;para quienes no tienen acceso a la vivienda propia.&nbsp;<\/p>\n\n\n\n<p><strong>\u00abNosotros tenemos que pensar que se acab\u00f3 la Argentina para los ricos\u00bb<\/strong>, sostuvo Grioni, quien se refiri\u00f3 a las propuestas de quitar presi\u00f3n impositiva a los empresarios: \u00abEs una caradurez enorme por parte de\u00a0<strong>los empresarios que fueron los que m\u00e1s plata recibieron durante la pandemia<\/strong>\u00ab.<\/p>\n\n\n\n<p><\/p>\n\n\n\n<p><\/p>\n","protected":false},"excerpt":{"rendered":"<p>El Frente de Izquierda Unidad compite en las elecciones generales en una lista que encabeza Claudio Cejas. El candidato, junto al tercero de la n\u00f3mina, Amadeo Grioni, pasaron por \u00abPensando el San Pedro que queremos\u00bb, el ciclo coproducido por Visi\u00f3n Regional y El Diario. Analizaron que \u00abla baja participaci\u00f3n electoral muestra el descontento de la [&hellip;]<\/p>\n","protected":false},"author":4,"featured_media":101173,"comment_status":"closed","ping_status":"closed","sticky":false,"template":"","format":"standard","meta":{"om_disable_all_campaigns":false,"_jetpack_memberships_contains_paid_content":false,"footnotes":""},"categories":[50,101,2],"tags":[],"class_list":["post-101172","post","type-post","status-publish","format-standard","has-post-thumbnail","hentry","category-destacadas","category-interes-general-locales","category-locales"],"aioseo_notices":[],"gutentor_comment":0,"jetpack_featured_media_url":"https:\/\/eldiariodesanpedro.com.ar\/sitio\/wp-content\/uploads\/2021\/11\/WhatsApp-Image-2021-11-06-at-13.34.16-1.jpeg","jetpack_shortlink":"https:\/\/wp.me\/p6RhLt-qjO","jetpack_sharing_enabled":true,"_links":{"self":[{"href":"https:\/\/eldiariodesanpedro.com.ar\/sitio\/wp-json\/wp\/v2\/posts\/101172","targetHints":{"allow":["GET"]}}],"collection":[{"href":"https:\/\/eldiariodesanpedro.com.ar\/sitio\/wp-json\/wp\/v2\/posts"}],"about":[{"href":"https:\/\/eldiariodesanpedro.com.ar\/sitio\/wp-json\/wp\/v2\/types\/post"}],"author":[{"embeddable":true,"href":"https:\/\/eldiariodesanpedro.com.ar\/sitio\/wp-json\/wp\/v2\/users\/4"}],"replies":[{"embeddable":true,"href":"https:\/\/eldiariodesanpedro.com.ar\/sitio\/wp-json\/wp\/v2\/comments?post=101172"}],"version-history":[{"count":1,"href":"https:\/\/eldiariodesanpedro.com.ar\/sitio\/wp-json\/wp\/v2\/posts\/101172\/revisions"}],"predecessor-version":[{"id":101174,"href":"https:\/\/eldiariodesanpedro.com.ar\/sitio\/wp-json\/wp\/v2\/posts\/101172\/revisions\/101174"}],"wp:featuredmedia":[{"embeddable":true,"href":"https:\/\/eldiariodesanpedro.com.ar\/sitio\/wp-json\/wp\/v2\/media\/101173"}],"wp:attachment":[{"href":"https:\/\/eldiariodesanpedro.com.ar\/sitio\/wp-json\/wp\/v2\/media?parent=101172"}],"wp:term":[{"taxonomy":"category","embeddable":true,"href":"https:\/\/eldiariodesanpedro.com.ar\/sitio\/wp-json\/wp\/v2\/categories?post=101172"},{"taxonomy":"post_tag","embeddable":true,"href":"https:\/\/eldiariodesanpedro.com.ar\/sitio\/wp-json\/wp\/v2\/tags?post=101172"}],"curies":[{"name":"wp","href":"https:\/\/api.w.org\/{rel}","templated":true}]}}