{"id":101169,"date":"2021-11-07T18:20:00","date_gmt":"2021-11-07T21:20:00","guid":{"rendered":"https:\/\/eldiariodesanpedro.com.ar\/sitio\/?p=101169"},"modified":"2021-11-07T18:20:03","modified_gmt":"2021-11-07T21:20:03","slug":"renuncio-toda-la-comision-directiva-del-aeroclub","status":"publish","type":"post","link":"https:\/\/eldiariodesanpedro.com.ar\/sitio\/renuncio-toda-la-comision-directiva-del-aeroclub\/","title":{"rendered":"Renunci\u00f3 toda la comisi\u00f3n directiva del Aeroclub"},"content":{"rendered":"<!-- VideographyWP Plugin Message: Automatic video embedding prevented by plugin options. -->\n\n<p>Luego de conocer la medida de desalojo informada por la Direcci\u00f3n de Planificaci\u00f3n Aeroportuaria los integrantes de la comisi\u00f3n de la entidad decidi\u00f3 dar un paso al costado.<\/p>\n\n\n\n<p>Tras la notificaci\u00f3n recibida de parte de la Direcci\u00f3n de Planificaci\u00f3n Aeroportuaria quien indicaba al Aeroclub que en 48 horas deb\u00eda desalojar el predio que ocupa en el aer\u00f3dromo de San Pedro toda la Comisi\u00f3n Directiva por completo decidi\u00f3 presentar la renuncia y convocar a una Asamblea Extraordinaria.<\/p>\n\n\n\n<p><em>\u00abAtentos a los \u00faltimos eventos, los cuales son de p\u00fablico conocimiento, le comunicamos que los integrantes de la Comisi\u00f3n Directiva han resuelto por unanimidad renunciar con car\u00e1cter indeclinable a sus respectivos cargos. A tal efecto se convocara a ASAMBLEA EXTRAORDINARIA para el d\u00eda s\u00e1bado 13 de Noviembre a las 16 hs. en las instalaciones del club, para que los<\/em><\/p>\n\n\n\n<p><em>asociados designen la comisi\u00f3n reguladora interina. Entendemos que los intereses de nuestro club deben prevalecer por sobre los individuales, por lo que consideramos que la decisi\u00f3n tomada es prudente y saludable para el bienestar nuestro club y el normal desarrollo de las actividades que le compete.<\/em><\/p>\n\n\n\n<p><em>Ante esta situaci\u00f3n le solicitamos, tenga a bien disponer, comunicar a las autoridades que correspondan\u00bb.<\/em><\/p>\n","protected":false},"excerpt":{"rendered":"<p>Luego de conocer la medida de desalojo informada por la Direcci\u00f3n de Planificaci\u00f3n Aeroportuaria los integrantes de la comisi\u00f3n de la entidad decidi\u00f3 dar un paso al costado. Tras la notificaci\u00f3n recibida de parte de la Direcci\u00f3n de Planificaci\u00f3n Aeroportuaria quien indicaba al Aeroclub que en 48 horas deb\u00eda desalojar el predio que ocupa en [&hellip;]<\/p>\n","protected":false},"author":4,"featured_media":101170,"comment_status":"closed","ping_status":"closed","sticky":false,"template":"","format":"standard","meta":{"om_disable_all_campaigns":false,"_jetpack_memberships_contains_paid_content":false,"footnotes":""},"categories":[50,101,2],"tags":[],"class_list":["post-101169","post","type-post","status-publish","format-standard","has-post-thumbnail","hentry","category-destacadas","category-interes-general-locales","category-locales"],"aioseo_notices":[],"gutentor_comment":0,"jetpack_featured_media_url":"https:\/\/eldiariodesanpedro.com.ar\/sitio\/wp-content\/uploads\/2021\/11\/0000020466-resized-1920x1080-1.jpg","jetpack_shortlink":"https:\/\/wp.me\/p6RhLt-qjL","jetpack_sharing_enabled":true,"_links":{"self":[{"href":"https:\/\/eldiariodesanpedro.com.ar\/sitio\/wp-json\/wp\/v2\/posts\/101169","targetHints":{"allow":["GET"]}}],"collection":[{"href":"https:\/\/eldiariodesanpedro.com.ar\/sitio\/wp-json\/wp\/v2\/posts"}],"about":[{"href":"https:\/\/eldiariodesanpedro.com.ar\/sitio\/wp-json\/wp\/v2\/types\/post"}],"author":[{"embeddable":true,"href":"https:\/\/eldiariodesanpedro.com.ar\/sitio\/wp-json\/wp\/v2\/users\/4"}],"replies":[{"embeddable":true,"href":"https:\/\/eldiariodesanpedro.com.ar\/sitio\/wp-json\/wp\/v2\/comments?post=101169"}],"version-history":[{"count":1,"href":"https:\/\/eldiariodesanpedro.com.ar\/sitio\/wp-json\/wp\/v2\/posts\/101169\/revisions"}],"predecessor-version":[{"id":101171,"href":"https:\/\/eldiariodesanpedro.com.ar\/sitio\/wp-json\/wp\/v2\/posts\/101169\/revisions\/101171"}],"wp:featuredmedia":[{"embeddable":true,"href":"https:\/\/eldiariodesanpedro.com.ar\/sitio\/wp-json\/wp\/v2\/media\/101170"}],"wp:attachment":[{"href":"https:\/\/eldiariodesanpedro.com.ar\/sitio\/wp-json\/wp\/v2\/media?parent=101169"}],"wp:term":[{"taxonomy":"category","embeddable":true,"href":"https:\/\/eldiariodesanpedro.com.ar\/sitio\/wp-json\/wp\/v2\/categories?post=101169"},{"taxonomy":"post_tag","embeddable":true,"href":"https:\/\/eldiariodesanpedro.com.ar\/sitio\/wp-json\/wp\/v2\/tags?post=101169"}],"curies":[{"name":"wp","href":"https:\/\/api.w.org\/{rel}","templated":true}]}}