{"id":101166,"date":"2021-11-07T18:16:17","date_gmt":"2021-11-07T21:16:17","guid":{"rendered":"https:\/\/eldiariodesanpedro.com.ar\/sitio\/?p=101166"},"modified":"2021-11-07T18:16:24","modified_gmt":"2021-11-07T21:16:24","slug":"la-direccion-de-planificacion-aeroportuaria-intimo-al-aeroclub-para-que-desaloje-el-predio-en-48-hs-2","status":"publish","type":"post","link":"https:\/\/eldiariodesanpedro.com.ar\/sitio\/la-direccion-de-planificacion-aeroportuaria-intimo-al-aeroclub-para-que-desaloje-el-predio-en-48-hs-2\/","title":{"rendered":"La Direcci\u00f3n de Planificaci\u00f3n Aeroportuaria intim\u00f3 al Aeroclub para que desaloje el predio en 48 hs."},"content":{"rendered":"<!-- VideographyWP Plugin Message: Automatic video embedding prevented by plugin options. -->\n\n<p>La dependencia provincial notific\u00f3 a la entidad para que deje el predio que tiene cargo en el aer\u00f3dromo de nuestra ciudad con un plazo de dos d\u00edas. La medida se da luego de que detectaran irregularidades al confeccionar la nueva comisi\u00f3n directiva.<\/p>\n\n\n\n<p>La Comisi\u00f3n Directiva del Aeroclub San Pedro fue intimada por la Direcci\u00f3n de Planificaci\u00f3n Aeroportuaria para que desalojen el espacio con que cuentan en el aer\u00f3dromo con un plazo de 48 horas, caso contrario deber\u00e1n tomar otras acciones.<\/p>\n\n\n\n<p>La notificaci\u00f3n fue firmada por el Director Provincial Fabio Jorge Micheli y fue entregada a los responsables del aer\u00f3dromo.<\/p>\n\n\n\n<p>El mes pasado la cartera provincial hab\u00eda advertido al Aeroclub por la indebida inclusi\u00f3n de un miembro de la Comisi\u00f3n Directiva al momento de renovar las autoridades.<\/p>\n\n\n\n<p>LA NOTIFICACI\u00d3N<\/p>\n\n\n\n<p>\u00abMe dirijo a Uds., en mi car\u00e1cter de Director de Planificaci\u00f3n Aeroportuaria, y con el objeto de comunicarles que de acuerdo a la Disposici\u00f3n DPAO y PA n\u00ba 33\/21 de fecha 21 de octubre de 2021, mismo d\u00eda notificada, y teniendo conocimiento que a\u00fan no han desalojado el predio del Aer\u00f3dromo Publico Provincial de San Pedro, int\u00edmo plazo perentorio 48 hs procedan a cumplimentar dicha Disposici\u00f3n en su articulo 2, bajo apercibimiento de desalojo en forma compulsiva y proceder a faja de clausura.- Quedan ustedes debidamente notificados\u00bb.<\/p>\n","protected":false},"excerpt":{"rendered":"<p>La dependencia provincial notific\u00f3 a la entidad para que deje el predio que tiene cargo en el aer\u00f3dromo de nuestra ciudad con un plazo de dos d\u00edas. La medida se da luego de que detectaran irregularidades al confeccionar la nueva comisi\u00f3n directiva. La Comisi\u00f3n Directiva del Aeroclub San Pedro fue intimada por la Direcci\u00f3n de [&hellip;]<\/p>\n","protected":false},"author":4,"featured_media":101164,"comment_status":"closed","ping_status":"closed","sticky":false,"template":"","format":"standard","meta":{"om_disable_all_campaigns":false,"_jetpack_memberships_contains_paid_content":false,"footnotes":""},"categories":[101,2],"tags":[],"class_list":["post-101166","post","type-post","status-publish","format-standard","has-post-thumbnail","hentry","category-interes-general-locales","category-locales"],"aioseo_notices":[],"gutentor_comment":0,"jetpack_featured_media_url":"https:\/\/eldiariodesanpedro.com.ar\/sitio\/wp-content\/uploads\/2021\/11\/0000020465-resized-1920x1080-1.jpg","jetpack_shortlink":"https:\/\/wp.me\/p6RhLt-qjI","jetpack_sharing_enabled":true,"_links":{"self":[{"href":"https:\/\/eldiariodesanpedro.com.ar\/sitio\/wp-json\/wp\/v2\/posts\/101166","targetHints":{"allow":["GET"]}}],"collection":[{"href":"https:\/\/eldiariodesanpedro.com.ar\/sitio\/wp-json\/wp\/v2\/posts"}],"about":[{"href":"https:\/\/eldiariodesanpedro.com.ar\/sitio\/wp-json\/wp\/v2\/types\/post"}],"author":[{"embeddable":true,"href":"https:\/\/eldiariodesanpedro.com.ar\/sitio\/wp-json\/wp\/v2\/users\/4"}],"replies":[{"embeddable":true,"href":"https:\/\/eldiariodesanpedro.com.ar\/sitio\/wp-json\/wp\/v2\/comments?post=101166"}],"version-history":[{"count":1,"href":"https:\/\/eldiariodesanpedro.com.ar\/sitio\/wp-json\/wp\/v2\/posts\/101166\/revisions"}],"predecessor-version":[{"id":101168,"href":"https:\/\/eldiariodesanpedro.com.ar\/sitio\/wp-json\/wp\/v2\/posts\/101166\/revisions\/101168"}],"wp:featuredmedia":[{"embeddable":true,"href":"https:\/\/eldiariodesanpedro.com.ar\/sitio\/wp-json\/wp\/v2\/media\/101164"}],"wp:attachment":[{"href":"https:\/\/eldiariodesanpedro.com.ar\/sitio\/wp-json\/wp\/v2\/media?parent=101166"}],"wp:term":[{"taxonomy":"category","embeddable":true,"href":"https:\/\/eldiariodesanpedro.com.ar\/sitio\/wp-json\/wp\/v2\/categories?post=101166"},{"taxonomy":"post_tag","embeddable":true,"href":"https:\/\/eldiariodesanpedro.com.ar\/sitio\/wp-json\/wp\/v2\/tags?post=101166"}],"curies":[{"name":"wp","href":"https:\/\/api.w.org\/{rel}","templated":true}]}}