{"id":101157,"date":"2021-11-07T18:02:07","date_gmt":"2021-11-07T21:02:07","guid":{"rendered":"https:\/\/eldiariodesanpedro.com.ar\/sitio\/?p=101157"},"modified":"2021-11-07T18:02:11","modified_gmt":"2021-11-07T21:02:11","slug":"se-celebraron-20-anos-del-descubrimiento-del-yacimiento-de-campo-sposito","status":"publish","type":"post","link":"https:\/\/eldiariodesanpedro.com.ar\/sitio\/se-celebraron-20-anos-del-descubrimiento-del-yacimiento-de-campo-sposito\/","title":{"rendered":"Se celebraron 20 a\u00f1os del descubrimiento del yacimiento de Campo Sp\u00f3sito"},"content":{"rendered":"<!-- VideographyWP Plugin Message: Automatic video embedding prevented by plugin options. -->\n\n<p>El Grupo Conservacionista de F\u00f3siles celebr\u00f3, con una salida de campo y un recorrido guiado por el Museo Paleontol\u00f3gico, los 20 a\u00f1os desde el descubrimiento del yacimiento en el predio que Empresa Sp\u00f3sito posee en Bajo del Tala.Unas 60 personas acompa\u00f1aron la propuesta que comenz\u00f3 en las puertas del museo, siguiendo con una caravana hasta el yacimiento. Una vez all\u00ed, el equipo brind\u00f3 una charla en el mismo sitio donde se han recuperado\u00a0decenas de piezas f\u00f3siles en las \u00faltimas dos d\u00e9cadas.Ante participantes llegados de Capital, Rosario, San Nicol\u00e1s, Ramallo, Z\u00e1rate y numerosos sampedrinos, los integrantes del museo mostraron detalles del lugar, c\u00f3mo se encuentran los f\u00f3siles, su importancia y las t\u00e9cnicas aplicadas en el manejo de los materiales.Una vez de regreso en el museo, se charl\u00f3 sobre los ejemplares que se han sacado del yacimiento en Bajo del Tala y otros que est\u00e1n en etapa de preparaci\u00f3n, actualmente.Finalizando, se entreg\u00f3 una carpeta con salutaciones a la familia provenientes de diferentes centros cient\u00edficos de diversas partes del pa\u00eds. El Municipio acompa\u00f1\u00f3 con una nota del Intendente Municipal Cecilio Salazar y el Centro de Comercio, Industria y Turismo de San Pedro hizo lo propio felicitando la interacci\u00f3n de la firma arenera\u00a0con el museo.\u00a0Desde el Grupo Conservacionista de F\u00f3siles se entreg\u00f3 un presente a la familia, que fue recibido por las se\u00f1oras Silvia, Adriana y B\u00e1rbara Sp\u00f3sito, en representaci\u00f3n de la empresa.Culmin\u00f3 la jornada con un \u00e1gape ofrecido por las firmas Guly SA, La Buena Moza y Alcorta Gastronom\u00eda y la entrega de diplomas a todos los participantes de la actividad.<\/p>\n\n\n\n<figure class=\"wp-block-image size-large\"><img decoding=\"async\" width=\"1024\" height=\"498\" data-attachment-id=\"101158\" data-permalink=\"https:\/\/eldiariodesanpedro.com.ar\/sitio\/se-celebraron-20-anos-del-descubrimiento-del-yacimiento-de-campo-sposito\/img-20211106-wa0049\/\" data-orig-file=\"https:\/\/eldiariodesanpedro.com.ar\/sitio\/wp-content\/uploads\/2021\/11\/IMG-20211106-WA0049.jpg\" data-orig-size=\"1599,777\" data-comments-opened=\"0\" data-image-meta=\"{&quot;aperture&quot;:&quot;0&quot;,&quot;credit&quot;:&quot;&quot;,&quot;camera&quot;:&quot;&quot;,&quot;caption&quot;:&quot;&quot;,&quot;created_timestamp&quot;:&quot;0&quot;,&quot;copyright&quot;:&quot;&quot;,&quot;focal_length&quot;:&quot;0&quot;,&quot;iso&quot;:&quot;0&quot;,&quot;shutter_speed&quot;:&quot;0&quot;,&quot;title&quot;:&quot;&quot;,&quot;orientation&quot;:&quot;0&quot;}\" data-image-title=\"IMG-20211106-WA0049\" data-image-description=\"\" data-image-caption=\"\" data-large-file=\"https:\/\/eldiariodesanpedro.com.ar\/sitio\/wp-content\/uploads\/2021\/11\/IMG-20211106-WA0049-1024x498.jpg\" data-src=\"https:\/\/eldiariodesanpedro.com.ar\/sitio\/wp-content\/uploads\/2021\/11\/IMG-20211106-WA0049-1024x498.jpg\" alt=\"\" class=\"wp-image-101158 lazyload\" data-srcset=\"https:\/\/eldiariodesanpedro.com.ar\/sitio\/wp-content\/uploads\/2021\/11\/IMG-20211106-WA0049-1024x498.jpg 1024w, https:\/\/eldiariodesanpedro.com.ar\/sitio\/wp-content\/uploads\/2021\/11\/IMG-20211106-WA0049-300x146.jpg 300w, https:\/\/eldiariodesanpedro.com.ar\/sitio\/wp-content\/uploads\/2021\/11\/IMG-20211106-WA0049-768x373.jpg 768w, https:\/\/eldiariodesanpedro.com.ar\/sitio\/wp-content\/uploads\/2021\/11\/IMG-20211106-WA0049-1536x746.jpg 1536w, https:\/\/eldiariodesanpedro.com.ar\/sitio\/wp-content\/uploads\/2021\/11\/IMG-20211106-WA0049.jpg 1599w\" data-sizes=\"(max-width: 1024px) 100vw, 1024px\" src=\"data:image\/svg+xml;base64,PHN2ZyB3aWR0aD0iMSIgaGVpZ2h0PSIxIiB4bWxucz0iaHR0cDovL3d3dy53My5vcmcvMjAwMC9zdmciPjwvc3ZnPg==\" style=\"--smush-placeholder-width: 1024px; --smush-placeholder-aspect-ratio: 1024\/498;\" \/><\/figure>\n\n\n\n<figure class=\"wp-block-image size-large\"><img decoding=\"async\" width=\"1024\" height=\"678\" data-attachment-id=\"101159\" data-permalink=\"https:\/\/eldiariodesanpedro.com.ar\/sitio\/se-celebraron-20-anos-del-descubrimiento-del-yacimiento-de-campo-sposito\/img-20211106-wa0143\/\" data-orig-file=\"https:\/\/eldiariodesanpedro.com.ar\/sitio\/wp-content\/uploads\/2021\/11\/IMG-20211106-WA0143.jpg\" data-orig-size=\"1280,847\" data-comments-opened=\"0\" data-image-meta=\"{&quot;aperture&quot;:&quot;0&quot;,&quot;credit&quot;:&quot;&quot;,&quot;camera&quot;:&quot;&quot;,&quot;caption&quot;:&quot;&quot;,&quot;created_timestamp&quot;:&quot;0&quot;,&quot;copyright&quot;:&quot;&quot;,&quot;focal_length&quot;:&quot;0&quot;,&quot;iso&quot;:&quot;0&quot;,&quot;shutter_speed&quot;:&quot;0&quot;,&quot;title&quot;:&quot;&quot;,&quot;orientation&quot;:&quot;0&quot;}\" data-image-title=\"IMG-20211106-WA0143\" data-image-description=\"\" data-image-caption=\"\" data-large-file=\"https:\/\/eldiariodesanpedro.com.ar\/sitio\/wp-content\/uploads\/2021\/11\/IMG-20211106-WA0143-1024x678.jpg\" data-src=\"https:\/\/eldiariodesanpedro.com.ar\/sitio\/wp-content\/uploads\/2021\/11\/IMG-20211106-WA0143-1024x678.jpg\" alt=\"\" class=\"wp-image-101159 lazyload\" data-srcset=\"https:\/\/eldiariodesanpedro.com.ar\/sitio\/wp-content\/uploads\/2021\/11\/IMG-20211106-WA0143-1024x678.jpg 1024w, https:\/\/eldiariodesanpedro.com.ar\/sitio\/wp-content\/uploads\/2021\/11\/IMG-20211106-WA0143-300x199.jpg 300w, https:\/\/eldiariodesanpedro.com.ar\/sitio\/wp-content\/uploads\/2021\/11\/IMG-20211106-WA0143-768x508.jpg 768w, https:\/\/eldiariodesanpedro.com.ar\/sitio\/wp-content\/uploads\/2021\/11\/IMG-20211106-WA0143.jpg 1280w\" data-sizes=\"(max-width: 1024px) 100vw, 1024px\" src=\"data:image\/svg+xml;base64,PHN2ZyB3aWR0aD0iMSIgaGVpZ2h0PSIxIiB4bWxucz0iaHR0cDovL3d3dy53My5vcmcvMjAwMC9zdmciPjwvc3ZnPg==\" style=\"--smush-placeholder-width: 1024px; --smush-placeholder-aspect-ratio: 1024\/678;\" \/><\/figure>\n\n\n\n<figure class=\"wp-block-image size-large\"><img decoding=\"async\" width=\"1024\" height=\"678\" data-attachment-id=\"101161\" data-permalink=\"https:\/\/eldiariodesanpedro.com.ar\/sitio\/se-celebraron-20-anos-del-descubrimiento-del-yacimiento-de-campo-sposito\/img-20211106-wa0182\/\" data-orig-file=\"https:\/\/eldiariodesanpedro.com.ar\/sitio\/wp-content\/uploads\/2021\/11\/IMG-20211106-WA0182.jpg\" data-orig-size=\"1280,847\" data-comments-opened=\"0\" data-image-meta=\"{&quot;aperture&quot;:&quot;0&quot;,&quot;credit&quot;:&quot;&quot;,&quot;camera&quot;:&quot;&quot;,&quot;caption&quot;:&quot;&quot;,&quot;created_timestamp&quot;:&quot;0&quot;,&quot;copyright&quot;:&quot;&quot;,&quot;focal_length&quot;:&quot;0&quot;,&quot;iso&quot;:&quot;0&quot;,&quot;shutter_speed&quot;:&quot;0&quot;,&quot;title&quot;:&quot;&quot;,&quot;orientation&quot;:&quot;0&quot;}\" data-image-title=\"IMG-20211106-WA0182\" data-image-description=\"\" data-image-caption=\"\" data-large-file=\"https:\/\/eldiariodesanpedro.com.ar\/sitio\/wp-content\/uploads\/2021\/11\/IMG-20211106-WA0182-1024x678.jpg\" data-src=\"https:\/\/eldiariodesanpedro.com.ar\/sitio\/wp-content\/uploads\/2021\/11\/IMG-20211106-WA0182-1024x678.jpg\" alt=\"\" class=\"wp-image-101161 lazyload\" data-srcset=\"https:\/\/eldiariodesanpedro.com.ar\/sitio\/wp-content\/uploads\/2021\/11\/IMG-20211106-WA0182-1024x678.jpg 1024w, https:\/\/eldiariodesanpedro.com.ar\/sitio\/wp-content\/uploads\/2021\/11\/IMG-20211106-WA0182-300x199.jpg 300w, https:\/\/eldiariodesanpedro.com.ar\/sitio\/wp-content\/uploads\/2021\/11\/IMG-20211106-WA0182-768x508.jpg 768w, https:\/\/eldiariodesanpedro.com.ar\/sitio\/wp-content\/uploads\/2021\/11\/IMG-20211106-WA0182.jpg 1280w\" data-sizes=\"(max-width: 1024px) 100vw, 1024px\" src=\"data:image\/svg+xml;base64,PHN2ZyB3aWR0aD0iMSIgaGVpZ2h0PSIxIiB4bWxucz0iaHR0cDovL3d3dy53My5vcmcvMjAwMC9zdmciPjwvc3ZnPg==\" style=\"--smush-placeholder-width: 1024px; --smush-placeholder-aspect-ratio: 1024\/678;\" \/><\/figure>\n","protected":false},"excerpt":{"rendered":"<p>El Grupo Conservacionista de F\u00f3siles celebr\u00f3, con una salida de campo y un recorrido guiado por el Museo Paleontol\u00f3gico, los 20 a\u00f1os desde el descubrimiento del yacimiento en el predio que Empresa Sp\u00f3sito posee en Bajo del Tala.Unas 60 personas acompa\u00f1aron la propuesta que comenz\u00f3 en las puertas del museo, siguiendo con una caravana hasta [&hellip;]<\/p>\n","protected":false},"author":4,"featured_media":101160,"comment_status":"closed","ping_status":"closed","sticky":false,"template":"","format":"standard","meta":{"om_disable_all_campaigns":false,"_jetpack_memberships_contains_paid_content":false,"footnotes":""},"categories":[50,101,2],"tags":[],"class_list":["post-101157","post","type-post","status-publish","format-standard","has-post-thumbnail","hentry","category-destacadas","category-interes-general-locales","category-locales"],"aioseo_notices":[],"gutentor_comment":0,"jetpack_featured_media_url":"https:\/\/eldiariodesanpedro.com.ar\/sitio\/wp-content\/uploads\/2021\/11\/IMG-20211106-WA0166.jpg","jetpack_shortlink":"https:\/\/wp.me\/p6RhLt-qjz","jetpack_sharing_enabled":true,"_links":{"self":[{"href":"https:\/\/eldiariodesanpedro.com.ar\/sitio\/wp-json\/wp\/v2\/posts\/101157","targetHints":{"allow":["GET"]}}],"collection":[{"href":"https:\/\/eldiariodesanpedro.com.ar\/sitio\/wp-json\/wp\/v2\/posts"}],"about":[{"href":"https:\/\/eldiariodesanpedro.com.ar\/sitio\/wp-json\/wp\/v2\/types\/post"}],"author":[{"embeddable":true,"href":"https:\/\/eldiariodesanpedro.com.ar\/sitio\/wp-json\/wp\/v2\/users\/4"}],"replies":[{"embeddable":true,"href":"https:\/\/eldiariodesanpedro.com.ar\/sitio\/wp-json\/wp\/v2\/comments?post=101157"}],"version-history":[{"count":1,"href":"https:\/\/eldiariodesanpedro.com.ar\/sitio\/wp-json\/wp\/v2\/posts\/101157\/revisions"}],"predecessor-version":[{"id":101162,"href":"https:\/\/eldiariodesanpedro.com.ar\/sitio\/wp-json\/wp\/v2\/posts\/101157\/revisions\/101162"}],"wp:featuredmedia":[{"embeddable":true,"href":"https:\/\/eldiariodesanpedro.com.ar\/sitio\/wp-json\/wp\/v2\/media\/101160"}],"wp:attachment":[{"href":"https:\/\/eldiariodesanpedro.com.ar\/sitio\/wp-json\/wp\/v2\/media?parent=101157"}],"wp:term":[{"taxonomy":"category","embeddable":true,"href":"https:\/\/eldiariodesanpedro.com.ar\/sitio\/wp-json\/wp\/v2\/categories?post=101157"},{"taxonomy":"post_tag","embeddable":true,"href":"https:\/\/eldiariodesanpedro.com.ar\/sitio\/wp-json\/wp\/v2\/tags?post=101157"}],"curies":[{"name":"wp","href":"https:\/\/api.w.org\/{rel}","templated":true}]}}