{"id":101154,"date":"2021-11-06T20:22:23","date_gmt":"2021-11-06T23:22:23","guid":{"rendered":"https:\/\/eldiariodesanpedro.com.ar\/sitio\/?p=101154"},"modified":"2021-11-06T20:22:25","modified_gmt":"2021-11-06T23:22:25","slug":"ciclo-de-entrevistas-no-criticamos-a-la-politica-sino-a-los-politicos","status":"publish","type":"post","link":"https:\/\/eldiariodesanpedro.com.ar\/sitio\/ciclo-de-entrevistas-no-criticamos-a-la-politica-sino-a-los-politicos\/","title":{"rendered":"Ciclo de entrevistas: \u00abNo criticamos a la pol\u00edtica, sino a los pol\u00edticos\u00bb"},"content":{"rendered":"<!-- VideographyWP Plugin Message: Automatic video embedding prevented by plugin options. -->\n\n<p>Mart\u00edn Rivas y Marcos Rosenberg, candidatos del frente Avanza Libertad, pasaron por \u00abPensando el San Pedro que queremos\u00bb, el ciclo de entrevistas coproducido por Visi\u00f3n Regional y El Diario. Apuntaron contra \u00abla falsa grieta\u00bb entre radicales y peronistas, y definieron al macrismo como \u00absocialismo con otro color de camiseta\u00bb. \u00abTenemos que ocupar esos puestos para que no los ocupen los mismos de siempre\u00bb, sostuvo Rivas en referencia a su intenci\u00f3n de acceder al HCD.<\/p>\n\n\n\n<p>Esta es la primera participaci\u00f3n electoral del&nbsp;<strong>Frente Avanza Libertad<\/strong>&nbsp;que tiene en San Pedro al tambi\u00e9n debutante en pol\u00edtica&nbsp;<strong>Mart\u00edn Rivas<\/strong>&nbsp;como cabeza de lista. Acompa\u00f1ado por el tercer candidato,<strong>&nbsp;Marcos Rosenberg<\/strong>, formaron parte del ciclo de entrevistas \u00abPensando el San Pedro que queremos\u00bb, coproducido por&nbsp;<strong>Visi\u00f3n Regional<\/strong>&nbsp;y El&nbsp;<strong>Diario<\/strong>.&nbsp;<\/p>\n\n\n\n<p>Respecto a las cr\u00edticas a la pol\u00edtica y la \u00abcasta pol\u00edtica\u00bb, Rivas aclar\u00f3:&nbsp;<strong>\u00abNo criticamos la pol\u00edtica sino a los pol\u00edticos que desprestigian la pol\u00edtica<\/strong>. Somos cr\u00edticos de las dos fuerzas pol\u00edticas de este pa\u00eds, radicales y peronistas, socialistas en todas sus formas, socialdem\u00f3cratas.&nbsp;<strong>Somos cr\u00edticos de la falsa grieta, entre kirchnerismo y macrismo, muy cr\u00edticos de esa casta pol\u00edtica<\/strong>, de esas familias que viven de la pol\u00edtica hace 40 a\u00f1os\u00bb.<\/p>\n\n\n\n<p>Para el libertario, las consecuencias de esa forma de hacer pol\u00edtica son \u00ab60 por ciento de pobreza (sic. Nota de la redacci\u00f3n: seg\u00fan el INDEC, la cifra de pobreza en el primer semestre del 2021 fue de 40,6%), salarios de 200 d\u00f3lares, problemas para exportar e importar, pobreza estructural, falta de seguridad y educaci\u00f3n\u00bb.<\/p>\n\n\n\n<p>Por ello, convoc\u00f3 a votar al espacio que representa a nivel provincial Jos\u00e9 Luis Espert: \u00ab<strong>Tenemos que ocupar esos puestos para que no los ocupen los mismos de siempre<\/strong>\u00ab. En este sentido consider\u00f3 necesario \u00ablegislar para generar los marcos regulatorios de ocupaci\u00f3n de suelos, renovar ordenanzas de la d\u00e9cada del 80, poder fiscalizar, charlar con otras fuerzas acerca de c\u00f3mo optimizamos la econom\u00eda municipal\u00bb.<\/p>\n\n\n\n<p>Rosenberg, en tanto, manifest\u00f3 que&nbsp;<strong>los concejales tienen la obligaci\u00f3n de \u00abescuchar al vecino, ir al barrio, a la empresa, al comercio, a los diferentes lugares de San Pedro<\/strong>. Escuchar problem\u00e1ticas y necesidades no solo en campa\u00f1a. Que salgan, buscan en los barrios, que pregunten lo que pasa. La funci\u00f3n del concejal es darles soluci\u00f3n al pueblo\u00bb.<\/p>\n\n\n\n<p>Desde Avanza Libertad, adem\u00e1s, insisten en \u00abquitar el pie del acelerador\u00bb en materia impositiva. \u00ab<strong>Hoy es incoherente la carga fiscal\u00bb<\/strong>, sostiene Rivas. En este sentido entienden que la quita de impuestos \u00abva a hacer que la gente no se esconda tanto\u00bb, en relaci\u00f3n a los comercios y emprendimientos tur\u00edsticos, por ejemplo, que hoy no est\u00e1n declarados por la imposibilidad de hacer frente a los costos.<\/p>\n\n\n\n<p>Rivas defini\u00f3 las elecciones generales del pr\u00f3ximo 14 de noviembre como \u00abuna final del mundo\u00bb y se mostr\u00f3 confiado en superar los n\u00fameros de las PASO: \u00abNos fue muy mal fiscalizando las PASO, se nos escaparon votos por todos lados\u00bb, consider\u00f3.<\/p>\n\n\n\n<iframe data-src=\"https:\/\/www.facebook.com\/plugins\/video.php?height=314&#038;href=https%3A%2F%2Fwww.facebook.com%2Fdiariosp2%2Fvideos%2F944011052989638%2F&#038;show_text=false&#038;width=560&#038;t=0\" width=\"560\" height=\"314\" style=\"border:none;overflow:hidden\" scrolling=\"no\" frameborder=\"0\" allowfullscreen=\"true\" allow=\"autoplay; clipboard-write; encrypted-media; picture-in-picture; web-share\" allowFullScreen=\"true\" src=\"data:image\/svg+xml;base64,PHN2ZyB3aWR0aD0iMSIgaGVpZ2h0PSIxIiB4bWxucz0iaHR0cDovL3d3dy53My5vcmcvMjAwMC9zdmciPjwvc3ZnPg==\" class=\"lazyload\" data-load-mode=\"1\"><\/iframe>\n","protected":false},"excerpt":{"rendered":"<p>Mart\u00edn Rivas y Marcos Rosenberg, candidatos del frente Avanza Libertad, pasaron por \u00abPensando el San Pedro que queremos\u00bb, el ciclo de entrevistas coproducido por Visi\u00f3n Regional y El Diario. Apuntaron contra \u00abla falsa grieta\u00bb entre radicales y peronistas, y definieron al macrismo como \u00absocialismo con otro color de camiseta\u00bb. \u00abTenemos que ocupar esos puestos para [&hellip;]<\/p>\n","protected":false},"author":4,"featured_media":101155,"comment_status":"closed","ping_status":"closed","sticky":false,"template":"","format":"standard","meta":{"om_disable_all_campaigns":false,"_jetpack_memberships_contains_paid_content":false,"footnotes":""},"categories":[50,101,2],"tags":[],"class_list":["post-101154","post","type-post","status-publish","format-standard","has-post-thumbnail","hentry","category-destacadas","category-interes-general-locales","category-locales"],"aioseo_notices":[],"gutentor_comment":0,"jetpack_featured_media_url":"https:\/\/eldiariodesanpedro.com.ar\/sitio\/wp-content\/uploads\/2021\/11\/WhatsApp-Image-2021-11-06-at-13.02.56.jpeg","jetpack_shortlink":"https:\/\/wp.me\/p6RhLt-qjw","jetpack_sharing_enabled":true,"_links":{"self":[{"href":"https:\/\/eldiariodesanpedro.com.ar\/sitio\/wp-json\/wp\/v2\/posts\/101154","targetHints":{"allow":["GET"]}}],"collection":[{"href":"https:\/\/eldiariodesanpedro.com.ar\/sitio\/wp-json\/wp\/v2\/posts"}],"about":[{"href":"https:\/\/eldiariodesanpedro.com.ar\/sitio\/wp-json\/wp\/v2\/types\/post"}],"author":[{"embeddable":true,"href":"https:\/\/eldiariodesanpedro.com.ar\/sitio\/wp-json\/wp\/v2\/users\/4"}],"replies":[{"embeddable":true,"href":"https:\/\/eldiariodesanpedro.com.ar\/sitio\/wp-json\/wp\/v2\/comments?post=101154"}],"version-history":[{"count":1,"href":"https:\/\/eldiariodesanpedro.com.ar\/sitio\/wp-json\/wp\/v2\/posts\/101154\/revisions"}],"predecessor-version":[{"id":101156,"href":"https:\/\/eldiariodesanpedro.com.ar\/sitio\/wp-json\/wp\/v2\/posts\/101154\/revisions\/101156"}],"wp:featuredmedia":[{"embeddable":true,"href":"https:\/\/eldiariodesanpedro.com.ar\/sitio\/wp-json\/wp\/v2\/media\/101155"}],"wp:attachment":[{"href":"https:\/\/eldiariodesanpedro.com.ar\/sitio\/wp-json\/wp\/v2\/media?parent=101154"}],"wp:term":[{"taxonomy":"category","embeddable":true,"href":"https:\/\/eldiariodesanpedro.com.ar\/sitio\/wp-json\/wp\/v2\/categories?post=101154"},{"taxonomy":"post_tag","embeddable":true,"href":"https:\/\/eldiariodesanpedro.com.ar\/sitio\/wp-json\/wp\/v2\/tags?post=101154"}],"curies":[{"name":"wp","href":"https:\/\/api.w.org\/{rel}","templated":true}]}}