{"id":101148,"date":"2021-11-06T20:17:50","date_gmt":"2021-11-06T23:17:50","guid":{"rendered":"https:\/\/eldiariodesanpedro.com.ar\/sitio\/?p=101148"},"modified":"2021-11-06T20:20:01","modified_gmt":"2021-11-06T23:20:01","slug":"ciclo-de-entrevistas-veronica-gonzalez-y-facundo-gelabert-de-vamos-con-vos-en-carrera-para-el-hcd","status":"publish","type":"post","link":"https:\/\/eldiariodesanpedro.com.ar\/sitio\/ciclo-de-entrevistas-veronica-gonzalez-y-facundo-gelabert-de-vamos-con-vos-en-carrera-para-el-hcd\/","title":{"rendered":"Ciclo de entrevistas: Ver\u00f3nica Gonz\u00e1lez y Facundo Gelabert, de Vamos con vos, en carrera para el HCD"},"content":{"rendered":"<!-- VideographyWP Plugin Message: Automatic video embedding prevented by plugin options. -->\n\n<p>El espacio que lidera Florencio Randazzo es encabezado localmente por Gonz\u00e1lez, representante local de Graciela Cama\u00f1o, junto a Facundo Gelabert, del partido Socialista, participaron del ciclo \u00abPensando el San Pedro que queremos\u00bb, coproducido por\u00a0<strong>Visi\u00f3n Regional<\/strong>\u00a0y\u00a0<strong>El Diario<\/strong>. \u00abArmamos una lista donde cada candidato pueda decir qui\u00e9n es, donde no haya cosas raras\u00bb, explic\u00f3 Gonz\u00e1lez, quien pidi\u00f3 que los acompa\u00f1en con el voto: \u00abVotame por la transparencia y cre\u00e9 que voy a legislar siempre a favor del vecino\u00bb.<\/p>\n\n\n\n<p>El frente electoral que impulsa la candidatura a diputado nacional de Florencio Randazzo se traduce en San Pedro en una lista encabezada por Ver\u00f3nica Gonz\u00e1lez, de militancia peronista, a quien la acompa\u00f1a en segundo lugar Facundo Gelabert, en representaci\u00f3n del Partido Socialista. En tercer lugar aparece Karen Rodr\u00edguez, quien fuera secretaria legislativa del Concejo Deliberante.<\/p>\n\n\n\n<p>Gonz\u00e1lez explic\u00f3 que arm\u00f3 la lista \u00abbuscando a los mejores\u00bb, pensando en que \u00abcada candidato pueda decir qui\u00e9n es, donde no haya cosas raras\u00bb. En ese sentido asegur\u00f3 que encaran una campa\u00f1a en la que van \u00abcasa por casa\u00bb, hablando con la gente, pero tambi\u00e9n explicando qu\u00e9 puede hacer un concejal, \u00abpero tambi\u00e9n lo que no puede hacer\u00bb.<\/p>\n\n\n\n<p>\u00abUn candidato a concejal oficialista parado al lado de una obra de pavimento, no tiene nada que ver, me pone feliz el pavimento, las camas nuevas del Hospital. Todo es hermoso y quiero que siga creciendo San Pedro, pero no es una propuesta de un concejal\u00bb, sostuvo la referente local de Graciela Cama\u00f1o.&nbsp;<\/p>\n\n\n\n<p>Aunque aseguraron que m\u00e1s all\u00e1 de las propuestas concretas la garant\u00eda para pedir el voto es el compromiso de \u00ablegislar siempre a favor del vecino\u00bb, destacaron la intenci\u00f3n de reflotar el proyecto de ingreso a la Municipalidad por concurso p\u00fablico para terminar con \u00abla devoluci\u00f3n de favores de campa\u00f1a\u00bb: \u00abTenemos que garantizar a la sociedad que va a ingresar alguien cuando sea necesario y que va a ser alguien que est\u00e9 capacitado\u00bb, explic\u00f3 Gelabert a su turno, dando cuenta de una iniciativa ya ingresada por el referente del socialismo Fernando Nouet cuando ocup\u00f3 una banca.&nbsp;<\/p>\n\n\n\n<p>Gonz\u00e1lez tambi\u00e9n mencion\u00f3, adem\u00e1s de la \u00abagenda verde\u00bb vinculada a los problemas ambientales, la necesidad de dar un debate \u00abcon gente capacitada\u00bb sobre la salud mental en San Pedro, apuntando a una ampliaci\u00f3n del servicio, considerando la realidad local en t\u00e9rminos de \u00abdepresi\u00f3n, suicidio, alcoholismo en nuestros j\u00f3venes, entre otros \u00edndices.&nbsp;<\/p>\n\n\n\n<p>Por \u00faltimo, plante\u00f3 la necesidad de \u00abrezonificar San Pedro\u00bb para generar las condiciones necesarias para la instalaci\u00f3n de un parque industrial.<\/p>\n\n\n\n<iframe data-src=\"https:\/\/www.facebook.com\/plugins\/video.php?height=314&#038;href=https%3A%2F%2Fwww.facebook.com%2Fdiariosp2%2Fvideos%2F601642364369742%2F&#038;show_text=false&#038;width=560&#038;t=0\" width=\"560\" height=\"314\" style=\"border:none;overflow:hidden\" scrolling=\"no\" frameborder=\"0\" allowfullscreen=\"true\" allow=\"autoplay; clipboard-write; encrypted-media; picture-in-picture; web-share\" allowFullScreen=\"true\" src=\"data:image\/svg+xml;base64,PHN2ZyB3aWR0aD0iMSIgaGVpZ2h0PSIxIiB4bWxucz0iaHR0cDovL3d3dy53My5vcmcvMjAwMC9zdmciPjwvc3ZnPg==\" class=\"lazyload\" data-load-mode=\"1\"><\/iframe>\n","protected":false},"excerpt":{"rendered":"<p>El espacio que lidera Florencio Randazzo es encabezado localmente por Gonz\u00e1lez, representante local de Graciela Cama\u00f1o, junto a Facundo Gelabert, del partido Socialista, participaron del ciclo \u00abPensando el San Pedro que queremos\u00bb, coproducido por\u00a0Visi\u00f3n Regional\u00a0y\u00a0El Diario. \u00abArmamos una lista donde cada candidato pueda decir qui\u00e9n es, donde no haya cosas raras\u00bb, explic\u00f3 Gonz\u00e1lez, quien pidi\u00f3 [&hellip;]<\/p>\n","protected":false},"author":4,"featured_media":101150,"comment_status":"closed","ping_status":"closed","sticky":false,"template":"","format":"standard","meta":{"om_disable_all_campaigns":false,"_jetpack_memberships_contains_paid_content":false,"footnotes":""},"categories":[50,101,2],"tags":[],"class_list":["post-101148","post","type-post","status-publish","format-standard","has-post-thumbnail","hentry","category-destacadas","category-interes-general-locales","category-locales"],"aioseo_notices":[],"gutentor_comment":0,"jetpack_featured_media_url":"https:\/\/eldiariodesanpedro.com.ar\/sitio\/wp-content\/uploads\/2021\/11\/medida-6.jpg","jetpack_shortlink":"https:\/\/wp.me\/p6RhLt-qjq","jetpack_sharing_enabled":true,"_links":{"self":[{"href":"https:\/\/eldiariodesanpedro.com.ar\/sitio\/wp-json\/wp\/v2\/posts\/101148","targetHints":{"allow":["GET"]}}],"collection":[{"href":"https:\/\/eldiariodesanpedro.com.ar\/sitio\/wp-json\/wp\/v2\/posts"}],"about":[{"href":"https:\/\/eldiariodesanpedro.com.ar\/sitio\/wp-json\/wp\/v2\/types\/post"}],"author":[{"embeddable":true,"href":"https:\/\/eldiariodesanpedro.com.ar\/sitio\/wp-json\/wp\/v2\/users\/4"}],"replies":[{"embeddable":true,"href":"https:\/\/eldiariodesanpedro.com.ar\/sitio\/wp-json\/wp\/v2\/comments?post=101148"}],"version-history":[{"count":2,"href":"https:\/\/eldiariodesanpedro.com.ar\/sitio\/wp-json\/wp\/v2\/posts\/101148\/revisions"}],"predecessor-version":[{"id":101153,"href":"https:\/\/eldiariodesanpedro.com.ar\/sitio\/wp-json\/wp\/v2\/posts\/101148\/revisions\/101153"}],"wp:featuredmedia":[{"embeddable":true,"href":"https:\/\/eldiariodesanpedro.com.ar\/sitio\/wp-json\/wp\/v2\/media\/101150"}],"wp:attachment":[{"href":"https:\/\/eldiariodesanpedro.com.ar\/sitio\/wp-json\/wp\/v2\/media?parent=101148"}],"wp:term":[{"taxonomy":"category","embeddable":true,"href":"https:\/\/eldiariodesanpedro.com.ar\/sitio\/wp-json\/wp\/v2\/categories?post=101148"},{"taxonomy":"post_tag","embeddable":true,"href":"https:\/\/eldiariodesanpedro.com.ar\/sitio\/wp-json\/wp\/v2\/tags?post=101148"}],"curies":[{"name":"wp","href":"https:\/\/api.w.org\/{rel}","templated":true}]}}