{"id":10113,"date":"2016-11-13T17:58:32","date_gmt":"2016-11-13T20:58:32","guid":{"rendered":"https:\/\/eldiariodesanpedro.com.ar\/sitio\/?p=10113"},"modified":"2016-11-13T17:58:32","modified_gmt":"2016-11-13T20:58:32","slug":"con-8-cortometrajes-finalizo-la-edicion-2016-de-frutos-de-la-tierra-y-el-rio","status":"publish","type":"post","link":"https:\/\/eldiariodesanpedro.com.ar\/sitio\/con-8-cortometrajes-finalizo-la-edicion-2016-de-frutos-de-la-tierra-y-el-rio\/","title":{"rendered":"Con 8 cortometrajes, finaliz\u00f3 la edici\u00f3n 2016 de Frutos de la Tierra y el R\u00edo"},"content":{"rendered":"<p><!-- VideographyWP Plugin Message: Automatic video embedding prevented by plugin options. --><br \/>\nSe concret\u00f3 el vierne en la Biblioteca Popular Rafael Obligado la presentaci\u00f3n de 8 cortometrajes de Juli\u00e1n Borrell que describen los procesos detr\u00e1s de los productos que se ofrecen en la feria Frutos de la Tierra y el R\u00edo. Estuvieron presentes en el evento autoridades municipales, concejales, representantes de instituciones, integrantes de la feria, consumidores y curiosos. \u00b4<\/p>\n<p>El evento buscaba continuar con la labor de visibilizaci\u00f3n de la importancia de la agricultura familiar, con especial \u00e9nfasis a las pol\u00edticas p\u00fablicas que pueden ayudar a seguir avanzando. En la apertura estuvieron adem\u00e1s de los t\u00e9cnicos que acompa\u00f1an el grupo, el secretario de Obras, Infraestructura y Planeamiento, Alfredo Camiletti, el director del INTA San Pedro, Armando Constantino, y representando a los productores Eugenio Davasse. Entre los presentes en el evento, se cont\u00f3 con los concejales Iv\u00e1n Paz, Florencia S\u00e1nchez y Am\u00e9rico Quintana. <\/p>\n<p>Tras la explicaci\u00f3n del proceso al que se lleg\u00f3 con la feria, hablaron Camiletti, Constantino y Davasse. Luego se present\u00f3 al realizador y se visualizaron los cortometrajes. Al finalizar se comparti\u00f3 un \u00e1gape elaborado con materia prima y procesada de los propios productores.<\/p>\n<p>Luego, en la jornada del s\u00e1bado se desarroll\u00f3 la feria.<\/p>\n","protected":false},"excerpt":{"rendered":"<p>Se concret\u00f3 el vierne en la Biblioteca Popular Rafael Obligado la presentaci\u00f3n de 8 cortometrajes de Juli\u00e1n Borrell que describen los procesos detr\u00e1s de los productos que se ofrecen en la feria Frutos de la Tierra y el R\u00edo. Estuvieron presentes en el evento autoridades municipales, concejales, representantes de instituciones, integrantes de la feria, consumidores [&hellip;]<\/p>\n","protected":false},"author":4,"featured_media":10114,"comment_status":"open","ping_status":"closed","sticky":false,"template":"","format":"standard","meta":{"om_disable_all_campaigns":false,"_jetpack_memberships_contains_paid_content":false,"footnotes":""},"categories":[101,2],"tags":[],"class_list":["post-10113","post","type-post","status-publish","format-standard","has-post-thumbnail","hentry","category-interes-general-locales","category-locales"],"aioseo_notices":[],"gutentor_comment":0,"jetpack_featured_media_url":"https:\/\/eldiariodesanpedro.com.ar\/sitio\/wp-content\/uploads\/2016\/11\/PAGINA-4-5.jpg","jetpack_shortlink":"https:\/\/wp.me\/p6RhLt-2D7","jetpack_sharing_enabled":true,"_links":{"self":[{"href":"https:\/\/eldiariodesanpedro.com.ar\/sitio\/wp-json\/wp\/v2\/posts\/10113","targetHints":{"allow":["GET"]}}],"collection":[{"href":"https:\/\/eldiariodesanpedro.com.ar\/sitio\/wp-json\/wp\/v2\/posts"}],"about":[{"href":"https:\/\/eldiariodesanpedro.com.ar\/sitio\/wp-json\/wp\/v2\/types\/post"}],"author":[{"embeddable":true,"href":"https:\/\/eldiariodesanpedro.com.ar\/sitio\/wp-json\/wp\/v2\/users\/4"}],"replies":[{"embeddable":true,"href":"https:\/\/eldiariodesanpedro.com.ar\/sitio\/wp-json\/wp\/v2\/comments?post=10113"}],"version-history":[{"count":1,"href":"https:\/\/eldiariodesanpedro.com.ar\/sitio\/wp-json\/wp\/v2\/posts\/10113\/revisions"}],"predecessor-version":[{"id":10115,"href":"https:\/\/eldiariodesanpedro.com.ar\/sitio\/wp-json\/wp\/v2\/posts\/10113\/revisions\/10115"}],"wp:featuredmedia":[{"embeddable":true,"href":"https:\/\/eldiariodesanpedro.com.ar\/sitio\/wp-json\/wp\/v2\/media\/10114"}],"wp:attachment":[{"href":"https:\/\/eldiariodesanpedro.com.ar\/sitio\/wp-json\/wp\/v2\/media?parent=10113"}],"wp:term":[{"taxonomy":"category","embeddable":true,"href":"https:\/\/eldiariodesanpedro.com.ar\/sitio\/wp-json\/wp\/v2\/categories?post=10113"},{"taxonomy":"post_tag","embeddable":true,"href":"https:\/\/eldiariodesanpedro.com.ar\/sitio\/wp-json\/wp\/v2\/tags?post=10113"}],"curies":[{"name":"wp","href":"https:\/\/api.w.org\/{rel}","templated":true}]}}