{"id":10109,"date":"2016-11-13T17:57:27","date_gmt":"2016-11-13T20:57:27","guid":{"rendered":"https:\/\/eldiariodesanpedro.com.ar\/sitio\/?p=10109"},"modified":"2016-11-13T17:57:27","modified_gmt":"2016-11-13T20:57:27","slug":"el-cdr-del-ministerio-de-desarrollo-social-entregara-un-importante-subsidio-para-el-ala-de-pediatria-del-hospital","status":"publish","type":"post","link":"https:\/\/eldiariodesanpedro.com.ar\/sitio\/el-cdr-del-ministerio-de-desarrollo-social-entregara-un-importante-subsidio-para-el-ala-de-pediatria-del-hospital\/","title":{"rendered":"El CDR del Ministerio de Desarrollo Social entregar\u00e1 un importante subsidio para el ala de pediatr\u00eda del Hospital"},"content":{"rendered":"<p><!-- VideographyWP Plugin Message: Automatic video embedding prevented by plugin options. --><br \/>\nTal como ocurri\u00f3 el <a href=\"https:\/\/eldiariodesanpedro.com.ar\/sitio\/se-realizara-la-4o-maraton-de-alucec-san-pedro\/?preview=true\" target=\"_blank\">viernes con ALUCEC<\/a>, en los pr\u00f3ximos d\u00edas, a trav\u00e9s del Centro de Referencia del Ministerio de Desarrollo Social, en conjunto con el intendente Cecilio Salazar e  integrantes del Gabinete municipal, se har\u00e1 la entrega de un importante subsidio a la Cooperadora del Hospital que determinar\u00e1 un avance importante para el ala de pediatr\u00eda.<\/p>\n<p>Como es de p\u00fablico conocimiento, el objetivo es que se pueda terminar cuanto antes ese sector del nosocomio local que estuvo muchos a\u00f1os abandonado por falta de recursos.<\/p>\n<p>Seg\u00fan se pudo establecer, Salazar ayud\u00f3 a apresurar la confirmaci\u00f3n mediante gestiones que llev\u00f3 a cabo antes autoridades nacionales.<\/p>\n<p>Mientras recorr\u00eda el viernes la Expoeducativa, el intendente Salazar brind\u00f3 informaci\u00f3n sobre la buena noticia: \u201cMe llam\u00f3 el compa\u00f1ero Jos\u00e9 Luis Franchini (titular del CDR del Min. de Desarrollo Social), me acaban de dar una muy buena noticia que nos van a entregar en los pr\u00f3ximos d\u00edas un subsidio de 400 mil pesos para la Cooperadora y eso nos va a permitir equipar las 11 salas del ala de pediatr\u00eda\u201d. Y en ese sentido el mandatario se\u00f1al\u00f3: \u201cEsto va a mejorar mucho la situaci\u00f3n del hospital\u201d.<\/p>\n<p>Puesto que a\u00fan se est\u00e1n terminando de culminar algunos detalles, en los pr\u00f3ximos d\u00edas se har\u00eda el anuncio oficial y un acto en donde se dar\u00e1n a conocer detalles de la inversi\u00f3n.<\/p>\n","protected":false},"excerpt":{"rendered":"<p>Tal como ocurri\u00f3 el viernes con ALUCEC, en los pr\u00f3ximos d\u00edas, a trav\u00e9s del Centro de Referencia del Ministerio de Desarrollo Social, en conjunto con el intendente Cecilio Salazar e integrantes del Gabinete municipal, se har\u00e1 la entrega de un importante subsidio a la Cooperadora del Hospital que determinar\u00e1 un avance importante para el ala [&hellip;]<\/p>\n","protected":false},"author":4,"featured_media":9457,"comment_status":"open","ping_status":"closed","sticky":false,"template":"","format":"standard","meta":{"om_disable_all_campaigns":false,"_jetpack_memberships_contains_paid_content":false,"footnotes":""},"categories":[50,101,2],"tags":[],"class_list":["post-10109","post","type-post","status-publish","format-standard","has-post-thumbnail","hentry","category-destacadas","category-interes-general-locales","category-locales"],"aioseo_notices":[],"gutentor_comment":0,"jetpack_featured_media_url":"https:\/\/eldiariodesanpedro.com.ar\/sitio\/wp-content\/uploads\/2016\/10\/HOSPITAL-subzonal-san-pedro.jpg","jetpack_shortlink":"https:\/\/wp.me\/p6RhLt-2D3","jetpack_sharing_enabled":true,"_links":{"self":[{"href":"https:\/\/eldiariodesanpedro.com.ar\/sitio\/wp-json\/wp\/v2\/posts\/10109","targetHints":{"allow":["GET"]}}],"collection":[{"href":"https:\/\/eldiariodesanpedro.com.ar\/sitio\/wp-json\/wp\/v2\/posts"}],"about":[{"href":"https:\/\/eldiariodesanpedro.com.ar\/sitio\/wp-json\/wp\/v2\/types\/post"}],"author":[{"embeddable":true,"href":"https:\/\/eldiariodesanpedro.com.ar\/sitio\/wp-json\/wp\/v2\/users\/4"}],"replies":[{"embeddable":true,"href":"https:\/\/eldiariodesanpedro.com.ar\/sitio\/wp-json\/wp\/v2\/comments?post=10109"}],"version-history":[{"count":2,"href":"https:\/\/eldiariodesanpedro.com.ar\/sitio\/wp-json\/wp\/v2\/posts\/10109\/revisions"}],"predecessor-version":[{"id":10112,"href":"https:\/\/eldiariodesanpedro.com.ar\/sitio\/wp-json\/wp\/v2\/posts\/10109\/revisions\/10112"}],"wp:featuredmedia":[{"embeddable":true,"href":"https:\/\/eldiariodesanpedro.com.ar\/sitio\/wp-json\/wp\/v2\/media\/9457"}],"wp:attachment":[{"href":"https:\/\/eldiariodesanpedro.com.ar\/sitio\/wp-json\/wp\/v2\/media?parent=10109"}],"wp:term":[{"taxonomy":"category","embeddable":true,"href":"https:\/\/eldiariodesanpedro.com.ar\/sitio\/wp-json\/wp\/v2\/categories?post=10109"},{"taxonomy":"post_tag","embeddable":true,"href":"https:\/\/eldiariodesanpedro.com.ar\/sitio\/wp-json\/wp\/v2\/tags?post=10109"}],"curies":[{"name":"wp","href":"https:\/\/api.w.org\/{rel}","templated":true}]}}