{"id":10107,"date":"2016-11-13T17:49:48","date_gmt":"2016-11-13T20:49:48","guid":{"rendered":"https:\/\/eldiariodesanpedro.com.ar\/sitio\/?p=10107"},"modified":"2016-11-13T17:49:48","modified_gmt":"2016-11-13T20:49:48","slug":"accidente-en-11-de-septiembre-y-saavedra","status":"publish","type":"post","link":"https:\/\/eldiariodesanpedro.com.ar\/sitio\/accidente-en-11-de-septiembre-y-saavedra\/","title":{"rendered":"Accidente en 11 de Septiembre y Saavedra"},"content":{"rendered":"<p><!-- VideographyWP Plugin Message: Automatic video embedding prevented by plugin options. --><br \/>\nSucedi\u00f3 el viernes por la tarde en la avenida 11 de Septiembre, como otro hecho acontecido horas antes, pero en esta oportunidad en su intersecci\u00f3n con Saavedra. Cerca de las 17.00, una motocicleta Guerrero Trip 110 C. C., color roja, y una camioneta Ford F-100 colisionaron por causas que se tratan de establecer.  <\/p>\n<p>Tras la colisi\u00f3n, el ocupante del rodado menor cay\u00f3 sobre la cinta asf\u00e1ltica y result\u00f3 lesionado. Es por ello que requiri\u00f3 su traslado al Hospital Subzonal San Pedro. Luego, el m\u00e9dico de guardia indic\u00f3 que no pose\u00eda lesiones de consideraci\u00f3n.<\/p>\n","protected":false},"excerpt":{"rendered":"<p>Sucedi\u00f3 el viernes por la tarde en la avenida 11 de Septiembre, como otro hecho acontecido horas antes, pero en esta oportunidad en su intersecci\u00f3n con Saavedra. Cerca de las 17.00, una motocicleta Guerrero Trip 110 C. C., color roja, y una camioneta Ford F-100 colisionaron por causas que se tratan de establecer. Tras la [&hellip;]<\/p>\n","protected":false},"author":4,"featured_media":5381,"comment_status":"open","ping_status":"closed","sticky":false,"template":"","format":"standard","meta":{"om_disable_all_campaigns":false,"_jetpack_memberships_contains_paid_content":false,"footnotes":""},"categories":[101,2],"tags":[],"class_list":["post-10107","post","type-post","status-publish","format-standard","has-post-thumbnail","hentry","category-interes-general-locales","category-locales"],"aioseo_notices":[],"gutentor_comment":0,"jetpack_featured_media_url":"https:\/\/eldiariodesanpedro.com.ar\/sitio\/wp-content\/uploads\/2016\/06\/ambulancia_san_pedro.jpg","jetpack_shortlink":"https:\/\/wp.me\/p6RhLt-2D1","jetpack_sharing_enabled":true,"_links":{"self":[{"href":"https:\/\/eldiariodesanpedro.com.ar\/sitio\/wp-json\/wp\/v2\/posts\/10107","targetHints":{"allow":["GET"]}}],"collection":[{"href":"https:\/\/eldiariodesanpedro.com.ar\/sitio\/wp-json\/wp\/v2\/posts"}],"about":[{"href":"https:\/\/eldiariodesanpedro.com.ar\/sitio\/wp-json\/wp\/v2\/types\/post"}],"author":[{"embeddable":true,"href":"https:\/\/eldiariodesanpedro.com.ar\/sitio\/wp-json\/wp\/v2\/users\/4"}],"replies":[{"embeddable":true,"href":"https:\/\/eldiariodesanpedro.com.ar\/sitio\/wp-json\/wp\/v2\/comments?post=10107"}],"version-history":[{"count":1,"href":"https:\/\/eldiariodesanpedro.com.ar\/sitio\/wp-json\/wp\/v2\/posts\/10107\/revisions"}],"predecessor-version":[{"id":10108,"href":"https:\/\/eldiariodesanpedro.com.ar\/sitio\/wp-json\/wp\/v2\/posts\/10107\/revisions\/10108"}],"wp:featuredmedia":[{"embeddable":true,"href":"https:\/\/eldiariodesanpedro.com.ar\/sitio\/wp-json\/wp\/v2\/media\/5381"}],"wp:attachment":[{"href":"https:\/\/eldiariodesanpedro.com.ar\/sitio\/wp-json\/wp\/v2\/media?parent=10107"}],"wp:term":[{"taxonomy":"category","embeddable":true,"href":"https:\/\/eldiariodesanpedro.com.ar\/sitio\/wp-json\/wp\/v2\/categories?post=10107"},{"taxonomy":"post_tag","embeddable":true,"href":"https:\/\/eldiariodesanpedro.com.ar\/sitio\/wp-json\/wp\/v2\/tags?post=10107"}],"curies":[{"name":"wp","href":"https:\/\/api.w.org\/{rel}","templated":true}]}}