{"id":101057,"date":"2021-11-03T17:25:06","date_gmt":"2021-11-03T20:25:06","guid":{"rendered":"https:\/\/eldiariodesanpedro.com.ar\/sitio\/?p=101057"},"modified":"2021-11-03T17:25:08","modified_gmt":"2021-11-03T20:25:08","slug":"ultimo-taller-del-ano-sobre-estrategias-de-ventas-comunicacion-y-marketing","status":"publish","type":"post","link":"https:\/\/eldiariodesanpedro.com.ar\/sitio\/ultimo-taller-del-ano-sobre-estrategias-de-ventas-comunicacion-y-marketing\/","title":{"rendered":"Ultimo taller del a\u00f1o sobre estrategias de ventas, comunicaci\u00f3n y marketing"},"content":{"rendered":"<!-- VideographyWP Plugin Message: Automatic video embedding prevented by plugin options. -->\n\n<p>Luego del gran \u00e9xito de los talleres anteriores propuestos por el Centro de Comercio, Industria y Turismo, ya est\u00e1 abierta la inscripci\u00f3n para el \u00faltimo del 2021, que ha consolidado el inter\u00e9s de muchos emprendedores, estudiantes, comerciantes y empresarios locales para seguir accediendo a estas capacitaciones de alto nivel.<\/p>\n\n\n\n<p>Las experiencias realizadas han sido muy valiosas, con inscripciones que superaron las 100 personas e incluso, captaron el inter\u00e9s de estudiantes que en algunos colegios se conectaron de a grupos con un s\u00f3lo usuario pero compartiendo las clases virtuales con m\u00e1s de 60 alumnos.<\/p>\n\n\n\n<p><strong>\u00abAument\u00e1 tus ingresos con las \u00faltimas tendencias en estrategias de ventas, comunicaci\u00f3n y marketing\u00bb.&nbsp;<\/strong>Ese es el disparador de la nueva propuesta.<\/p>\n\n\n\n<p>Los emprendimientos, negocios y empresas tienen como objetivo primordial, aumentar las ventas y lograr tener&nbsp; una cartera de clientes fiel y duradera. En uno entorno tan competitivo como el actual, se hace menester que todo el equipo comercial genere v\u00ednculos que genere valor e inter\u00e9s logrando como resultado un aumento de ventas.<\/p>\n\n\n\n<p>Este taller virtual gratuito se realizar\u00e1 los d\u00edas jueves 18 y 25 de noviembre, de 13 a 15 hs, dirigido a comerciantes, empresarios, profesionales, prestadores de servicios, estudiantes, emprendedores y a toda la comunidad en general que desee aprender y actualizarse sobre las \u00faltimas tendencias en ventas y estrategias en comunicaci\u00f3n y marketing.<\/p>\n\n\n\n<p>Los objetivos principales de este taller son: innovar en la presentaci\u00f3n y caracter\u00edsticas del servicio o producto, fortalecer la red comercial y adquirir herramientas de marketing relacional.<\/p>\n\n\n\n<p><strong>Los cupos son limitados y podr\u00e1 inscribirse antes del 14\/11 completando el formulario que se encuentra en este link:&nbsp;<a href=\"https:\/\/bit.ly\/3nXuF1N\" target=\"_blank\" rel=\"noreferrer noopener\">https:\/\/bit.ly\/3nXuF1N<\/a><\/strong><\/p>\n\n\n\n<p><strong>Para conocer m\u00e1s detalles sobre los contenidos del taller e informaci\u00f3n general, escribir a&nbsp;<a href=\"mailto:cciteducacion@gmail.com\" target=\"_blank\" rel=\"noreferrer noopener\">cciteducacion@gmail.com<\/a>&nbsp;o al 3329599000.<\/strong><\/p>\n","protected":false},"excerpt":{"rendered":"<p>Luego del gran \u00e9xito de los talleres anteriores propuestos por el Centro de Comercio, Industria y Turismo, ya est\u00e1 abierta la inscripci\u00f3n para el \u00faltimo del 2021, que ha consolidado el inter\u00e9s de muchos emprendedores, estudiantes, comerciantes y empresarios locales para seguir accediendo a estas capacitaciones de alto nivel. Las experiencias realizadas han sido muy [&hellip;]<\/p>\n","protected":false},"author":4,"featured_media":101058,"comment_status":"closed","ping_status":"closed","sticky":false,"template":"","format":"standard","meta":{"om_disable_all_campaigns":false,"_jetpack_memberships_contains_paid_content":false,"footnotes":""},"categories":[101,2],"tags":[],"class_list":["post-101057","post","type-post","status-publish","format-standard","has-post-thumbnail","hentry","category-interes-general-locales","category-locales"],"aioseo_notices":[],"gutentor_comment":0,"jetpack_featured_media_url":"https:\/\/eldiariodesanpedro.com.ar\/sitio\/wp-content\/uploads\/2021\/11\/Curso-CCIT.png","jetpack_shortlink":"https:\/\/wp.me\/p6RhLt-qhX","jetpack_sharing_enabled":true,"_links":{"self":[{"href":"https:\/\/eldiariodesanpedro.com.ar\/sitio\/wp-json\/wp\/v2\/posts\/101057","targetHints":{"allow":["GET"]}}],"collection":[{"href":"https:\/\/eldiariodesanpedro.com.ar\/sitio\/wp-json\/wp\/v2\/posts"}],"about":[{"href":"https:\/\/eldiariodesanpedro.com.ar\/sitio\/wp-json\/wp\/v2\/types\/post"}],"author":[{"embeddable":true,"href":"https:\/\/eldiariodesanpedro.com.ar\/sitio\/wp-json\/wp\/v2\/users\/4"}],"replies":[{"embeddable":true,"href":"https:\/\/eldiariodesanpedro.com.ar\/sitio\/wp-json\/wp\/v2\/comments?post=101057"}],"version-history":[{"count":1,"href":"https:\/\/eldiariodesanpedro.com.ar\/sitio\/wp-json\/wp\/v2\/posts\/101057\/revisions"}],"predecessor-version":[{"id":101059,"href":"https:\/\/eldiariodesanpedro.com.ar\/sitio\/wp-json\/wp\/v2\/posts\/101057\/revisions\/101059"}],"wp:featuredmedia":[{"embeddable":true,"href":"https:\/\/eldiariodesanpedro.com.ar\/sitio\/wp-json\/wp\/v2\/media\/101058"}],"wp:attachment":[{"href":"https:\/\/eldiariodesanpedro.com.ar\/sitio\/wp-json\/wp\/v2\/media?parent=101057"}],"wp:term":[{"taxonomy":"category","embeddable":true,"href":"https:\/\/eldiariodesanpedro.com.ar\/sitio\/wp-json\/wp\/v2\/categories?post=101057"},{"taxonomy":"post_tag","embeddable":true,"href":"https:\/\/eldiariodesanpedro.com.ar\/sitio\/wp-json\/wp\/v2\/tags?post=101057"}],"curies":[{"name":"wp","href":"https:\/\/api.w.org\/{rel}","templated":true}]}}