{"id":101054,"date":"2021-11-03T17:18:43","date_gmt":"2021-11-03T20:18:43","guid":{"rendered":"https:\/\/eldiariodesanpedro.com.ar\/sitio\/?p=101054"},"modified":"2021-11-03T17:18:45","modified_gmt":"2021-11-03T20:18:45","slug":"compromiso-y-predisposicion-para-compartir-la-agenda-de-la-salud-de-san-pedro","status":"publish","type":"post","link":"https:\/\/eldiariodesanpedro.com.ar\/sitio\/compromiso-y-predisposicion-para-compartir-la-agenda-de-la-salud-de-san-pedro\/","title":{"rendered":"Compromiso y Predisposici\u00f3n para compartir la agenda de la salud de San Pedro"},"content":{"rendered":"<!-- VideographyWP Plugin Message: Automatic video embedding prevented by plugin options. -->\n\n<p>La Comisi\u00f3n Directiva agradece las invitaciones recibidas desde diferentes espacios pol\u00edticos que participar\u00e1n de las pr\u00f3ximas elecciones, para interiorizarse &nbsp;sobre nuestra funci\u00f3n, objetivos y preocupaciones. &nbsp;<\/p>\n\n\n\n<p>Como representantes de la salud privada de San Pedro con 62 a\u00f1os de historia y m\u00e1s de 130 profesionales asociados creemos muy importante establecer estas charlas, para &nbsp;brindar la informaci\u00f3n precisa sobre la situaci\u00f3n actual, el v\u00ednculo con las obras sociales &nbsp;y la tarea realizada durante todo este tiempo.<\/p>\n\n\n\n<p>Quedamos a disposici\u00f3n de quienes aspiran a renovar el Honorable Concejo Deliberante, reiterando nuestra voluntad de seguir trabajando en conjunto por la salud de todos los sampedrinos.<\/p>\n","protected":false},"excerpt":{"rendered":"<p>La Comisi\u00f3n Directiva agradece las invitaciones recibidas desde diferentes espacios pol\u00edticos que participar\u00e1n de las pr\u00f3ximas elecciones, para interiorizarse &nbsp;sobre nuestra funci\u00f3n, objetivos y preocupaciones. &nbsp; Como representantes de la salud privada de San Pedro con 62 a\u00f1os de historia y m\u00e1s de 130 profesionales asociados creemos muy importante establecer estas charlas, para &nbsp;brindar la [&hellip;]<\/p>\n","protected":false},"author":4,"featured_media":101055,"comment_status":"closed","ping_status":"closed","sticky":false,"template":"","format":"standard","meta":{"om_disable_all_campaigns":false,"_jetpack_memberships_contains_paid_content":false,"footnotes":""},"categories":[101,2],"tags":[],"class_list":["post-101054","post","type-post","status-publish","format-standard","has-post-thumbnail","hentry","category-interes-general-locales","category-locales"],"aioseo_notices":[],"gutentor_comment":0,"jetpack_featured_media_url":"https:\/\/eldiariodesanpedro.com.ar\/sitio\/wp-content\/uploads\/2021\/11\/circulo_medico.jpg","jetpack_shortlink":"https:\/\/wp.me\/p6RhLt-qhU","jetpack_sharing_enabled":true,"_links":{"self":[{"href":"https:\/\/eldiariodesanpedro.com.ar\/sitio\/wp-json\/wp\/v2\/posts\/101054","targetHints":{"allow":["GET"]}}],"collection":[{"href":"https:\/\/eldiariodesanpedro.com.ar\/sitio\/wp-json\/wp\/v2\/posts"}],"about":[{"href":"https:\/\/eldiariodesanpedro.com.ar\/sitio\/wp-json\/wp\/v2\/types\/post"}],"author":[{"embeddable":true,"href":"https:\/\/eldiariodesanpedro.com.ar\/sitio\/wp-json\/wp\/v2\/users\/4"}],"replies":[{"embeddable":true,"href":"https:\/\/eldiariodesanpedro.com.ar\/sitio\/wp-json\/wp\/v2\/comments?post=101054"}],"version-history":[{"count":1,"href":"https:\/\/eldiariodesanpedro.com.ar\/sitio\/wp-json\/wp\/v2\/posts\/101054\/revisions"}],"predecessor-version":[{"id":101056,"href":"https:\/\/eldiariodesanpedro.com.ar\/sitio\/wp-json\/wp\/v2\/posts\/101054\/revisions\/101056"}],"wp:featuredmedia":[{"embeddable":true,"href":"https:\/\/eldiariodesanpedro.com.ar\/sitio\/wp-json\/wp\/v2\/media\/101055"}],"wp:attachment":[{"href":"https:\/\/eldiariodesanpedro.com.ar\/sitio\/wp-json\/wp\/v2\/media?parent=101054"}],"wp:term":[{"taxonomy":"category","embeddable":true,"href":"https:\/\/eldiariodesanpedro.com.ar\/sitio\/wp-json\/wp\/v2\/categories?post=101054"},{"taxonomy":"post_tag","embeddable":true,"href":"https:\/\/eldiariodesanpedro.com.ar\/sitio\/wp-json\/wp\/v2\/tags?post=101054"}],"curies":[{"name":"wp","href":"https:\/\/api.w.org\/{rel}","templated":true}]}}