{"id":101052,"date":"2021-11-03T17:09:41","date_gmt":"2021-11-03T20:09:41","guid":{"rendered":"https:\/\/eldiariodesanpedro.com.ar\/sitio\/?p=101052"},"modified":"2021-11-03T17:09:48","modified_gmt":"2021-11-03T20:09:48","slug":"20-anos-del-descubrimiento-del-yacimiento-en-campo-sposito-bajo-del-tala-2","status":"publish","type":"post","link":"https:\/\/eldiariodesanpedro.com.ar\/sitio\/20-anos-del-descubrimiento-del-yacimiento-en-campo-sposito-bajo-del-tala-2\/","title":{"rendered":"20 a\u00f1os del descubrimiento del yacimiento en Campo Sp\u00f3sito &#8211; Bajo del Tala"},"content":{"rendered":"<!-- VideographyWP Plugin Message: Automatic video embedding prevented by plugin options. -->\n\n<p>Un d\u00eda como hoy, 3 de noviembre, pero de 2001, el Grupo Conservacionista de F\u00f3siles descubr\u00eda de forma oficial, el yacimiento de mam\u00edferos f\u00f3siles en el predio que empresa Sp\u00f3sito posee en la zona de Bajo del Tala, partido de San Pedro.<br>Desde aquel d\u00eda, de forma ininterrumpida, el equipo del Museo Paleontol\u00f3gico Fray Manuel de Torres ha investigado, preservado y difundido este lugar que ha dado resultados trascendentes para la paleontolog\u00eda argentina.<br>Con la participaci\u00f3n de investigadores de diferentes casas de estudio de todo el pa\u00eds, se han recuperado m\u00e1s de 20 especies de mam\u00edferos, peces, moluscos y reptiles que brindan informaci\u00f3n del pasado clim\u00e1tico y faun\u00edstico de la regi\u00f3n.De all\u00ed viene el ejemplar de ciervo f\u00f3sil m\u00e1s completo de Argentina, una playa marina de mediados del Holoceno, semillas de hace 5.000 a\u00f1os, un grupo de perezoso del g\u00e9nero Lestodon y muchos hallazgos m\u00e1s.<br>La buena predisposici\u00f3n e interacci\u00f3n de la empresa con el Grupo Conservacionista ha facilitado las tareas en el lugar y ha permitido que toda esa informaci\u00f3n llegue a estudiantes y p\u00fablico en general a trav\u00e9s de las salas del museo.<br>Para conmemorar estos 20 a\u00f1os de descubrimientos, el grupo est\u00e1 organizando un recorrido guiado y gratuito por el lugar para este s\u00e1bado 6 de noviembre.Los interesados deben anotarse previamente por wsp al 3329 537187<\/p>\n\n\n\n<figure class=\"wp-block-image size-large\"><img decoding=\"async\" width=\"1024\" height=\"576\" data-attachment-id=\"101050\" data-permalink=\"https:\/\/eldiariodesanpedro.com.ar\/sitio\/b-2\/\" data-orig-file=\"https:\/\/eldiariodesanpedro.com.ar\/sitio\/wp-content\/uploads\/2021\/11\/B.jpg\" data-orig-size=\"1224,688\" data-comments-opened=\"0\" data-image-meta=\"{&quot;aperture&quot;:&quot;0&quot;,&quot;credit&quot;:&quot;&quot;,&quot;camera&quot;:&quot;&quot;,&quot;caption&quot;:&quot;&quot;,&quot;created_timestamp&quot;:&quot;0&quot;,&quot;copyright&quot;:&quot;&quot;,&quot;focal_length&quot;:&quot;0&quot;,&quot;iso&quot;:&quot;0&quot;,&quot;shutter_speed&quot;:&quot;0&quot;,&quot;title&quot;:&quot;&quot;,&quot;orientation&quot;:&quot;0&quot;}\" data-image-title=\"B\" data-image-description=\"\" data-image-caption=\"\" data-large-file=\"https:\/\/eldiariodesanpedro.com.ar\/sitio\/wp-content\/uploads\/2021\/11\/B-1024x576.jpg\" data-src=\"https:\/\/eldiariodesanpedro.com.ar\/sitio\/wp-content\/uploads\/2021\/11\/B-1024x576.jpg\" alt=\"\" class=\"wp-image-101050 lazyload\" data-srcset=\"https:\/\/eldiariodesanpedro.com.ar\/sitio\/wp-content\/uploads\/2021\/11\/B-1024x576.jpg 1024w, https:\/\/eldiariodesanpedro.com.ar\/sitio\/wp-content\/uploads\/2021\/11\/B-300x169.jpg 300w, https:\/\/eldiariodesanpedro.com.ar\/sitio\/wp-content\/uploads\/2021\/11\/B-768x432.jpg 768w, https:\/\/eldiariodesanpedro.com.ar\/sitio\/wp-content\/uploads\/2021\/11\/B-800x450.jpg 800w, https:\/\/eldiariodesanpedro.com.ar\/sitio\/wp-content\/uploads\/2021\/11\/B.jpg 1224w\" data-sizes=\"(max-width: 1024px) 100vw, 1024px\" src=\"data:image\/svg+xml;base64,PHN2ZyB3aWR0aD0iMSIgaGVpZ2h0PSIxIiB4bWxucz0iaHR0cDovL3d3dy53My5vcmcvMjAwMC9zdmciPjwvc3ZnPg==\" style=\"--smush-placeholder-width: 1024px; --smush-placeholder-aspect-ratio: 1024\/576;\" \/><\/figure>\n","protected":false},"excerpt":{"rendered":"<p>Un d\u00eda como hoy, 3 de noviembre, pero de 2001, el Grupo Conservacionista de F\u00f3siles descubr\u00eda de forma oficial, el yacimiento de mam\u00edferos f\u00f3siles en el predio que empresa Sp\u00f3sito posee en la zona de Bajo del Tala, partido de San Pedro.Desde aquel d\u00eda, de forma ininterrumpida, el equipo del Museo Paleontol\u00f3gico Fray Manuel de [&hellip;]<\/p>\n","protected":false},"author":4,"featured_media":101049,"comment_status":"closed","ping_status":"closed","sticky":false,"template":"","format":"standard","meta":{"om_disable_all_campaigns":false,"_jetpack_memberships_contains_paid_content":false,"footnotes":""},"categories":[50,101,2],"tags":[],"class_list":["post-101052","post","type-post","status-publish","format-standard","has-post-thumbnail","hentry","category-destacadas","category-interes-general-locales","category-locales"],"aioseo_notices":[],"gutentor_comment":0,"jetpack_featured_media_url":"https:\/\/eldiariodesanpedro.com.ar\/sitio\/wp-content\/uploads\/2021\/11\/A.jpg","jetpack_shortlink":"https:\/\/wp.me\/p6RhLt-qhS","jetpack_sharing_enabled":true,"_links":{"self":[{"href":"https:\/\/eldiariodesanpedro.com.ar\/sitio\/wp-json\/wp\/v2\/posts\/101052","targetHints":{"allow":["GET"]}}],"collection":[{"href":"https:\/\/eldiariodesanpedro.com.ar\/sitio\/wp-json\/wp\/v2\/posts"}],"about":[{"href":"https:\/\/eldiariodesanpedro.com.ar\/sitio\/wp-json\/wp\/v2\/types\/post"}],"author":[{"embeddable":true,"href":"https:\/\/eldiariodesanpedro.com.ar\/sitio\/wp-json\/wp\/v2\/users\/4"}],"replies":[{"embeddable":true,"href":"https:\/\/eldiariodesanpedro.com.ar\/sitio\/wp-json\/wp\/v2\/comments?post=101052"}],"version-history":[{"count":1,"href":"https:\/\/eldiariodesanpedro.com.ar\/sitio\/wp-json\/wp\/v2\/posts\/101052\/revisions"}],"predecessor-version":[{"id":101053,"href":"https:\/\/eldiariodesanpedro.com.ar\/sitio\/wp-json\/wp\/v2\/posts\/101052\/revisions\/101053"}],"wp:featuredmedia":[{"embeddable":true,"href":"https:\/\/eldiariodesanpedro.com.ar\/sitio\/wp-json\/wp\/v2\/media\/101049"}],"wp:attachment":[{"href":"https:\/\/eldiariodesanpedro.com.ar\/sitio\/wp-json\/wp\/v2\/media?parent=101052"}],"wp:term":[{"taxonomy":"category","embeddable":true,"href":"https:\/\/eldiariodesanpedro.com.ar\/sitio\/wp-json\/wp\/v2\/categories?post=101052"},{"taxonomy":"post_tag","embeddable":true,"href":"https:\/\/eldiariodesanpedro.com.ar\/sitio\/wp-json\/wp\/v2\/tags?post=101052"}],"curies":[{"name":"wp","href":"https:\/\/api.w.org\/{rel}","templated":true}]}}