{"id":101046,"date":"2021-11-03T14:51:13","date_gmt":"2021-11-03T17:51:13","guid":{"rendered":"https:\/\/eldiariodesanpedro.com.ar\/sitio\/?p=101046"},"modified":"2021-11-03T14:51:21","modified_gmt":"2021-11-03T17:51:21","slug":"jornada-de-vacunacion-en-rio-tala","status":"publish","type":"post","link":"https:\/\/eldiariodesanpedro.com.ar\/sitio\/jornada-de-vacunacion-en-rio-tala\/","title":{"rendered":"Jornada de Vacunaci\u00f3n en Rio Tala"},"content":{"rendered":"<!-- VideographyWP Plugin Message: Automatic video embedding prevented by plugin options. -->\n\n<p>La Secretar\u00eda de Salud de la Municipalidad de San Pedro informa que con la coordinaci\u00f3n de la Delegaci\u00f3n y el Centro de Salud de R\u00edo Tala se realizar\u00e1 el pr\u00f3ximo mi\u00e9rcoles 10 de noviembre una jornada de vacunaci\u00f3n en la Plaza Juan B. Zucchi de la localidad. En un puesto sanitario instalado all\u00ed se realizar\u00e1 control de libretas sanitarias y recupero de vacunas para todas las edades y aplicaci\u00f3n de la Candid I (Fiebre Hemorr\u00e1gica Argentina) para mayores de 15 a\u00f1os.<\/p>\n","protected":false},"excerpt":{"rendered":"<p>La Secretar\u00eda de Salud de la Municipalidad de San Pedro informa que con la coordinaci\u00f3n de la Delegaci\u00f3n y el Centro de Salud de R\u00edo Tala se realizar\u00e1 el pr\u00f3ximo mi\u00e9rcoles 10 de noviembre una jornada de vacunaci\u00f3n en la Plaza Juan B. Zucchi de la localidad. En un puesto sanitario instalado all\u00ed se realizar\u00e1 [&hellip;]<\/p>\n","protected":false},"author":4,"featured_media":100631,"comment_status":"closed","ping_status":"closed","sticky":false,"template":"","format":"standard","meta":{"om_disable_all_campaigns":false,"_jetpack_memberships_contains_paid_content":false,"footnotes":""},"categories":[101,2],"tags":[],"class_list":["post-101046","post","type-post","status-publish","format-standard","has-post-thumbnail","hentry","category-interes-general-locales","category-locales"],"aioseo_notices":[],"gutentor_comment":0,"jetpack_featured_media_url":"https:\/\/eldiariodesanpedro.com.ar\/sitio\/wp-content\/uploads\/2021\/10\/Vacunas-covid-19-en-ninos-y-adolescentes-los-primeros-resultados-de-la-investigacion-son-alentadores.jpg","jetpack_shortlink":"https:\/\/wp.me\/p6RhLt-qhM","jetpack_sharing_enabled":true,"_links":{"self":[{"href":"https:\/\/eldiariodesanpedro.com.ar\/sitio\/wp-json\/wp\/v2\/posts\/101046","targetHints":{"allow":["GET"]}}],"collection":[{"href":"https:\/\/eldiariodesanpedro.com.ar\/sitio\/wp-json\/wp\/v2\/posts"}],"about":[{"href":"https:\/\/eldiariodesanpedro.com.ar\/sitio\/wp-json\/wp\/v2\/types\/post"}],"author":[{"embeddable":true,"href":"https:\/\/eldiariodesanpedro.com.ar\/sitio\/wp-json\/wp\/v2\/users\/4"}],"replies":[{"embeddable":true,"href":"https:\/\/eldiariodesanpedro.com.ar\/sitio\/wp-json\/wp\/v2\/comments?post=101046"}],"version-history":[{"count":1,"href":"https:\/\/eldiariodesanpedro.com.ar\/sitio\/wp-json\/wp\/v2\/posts\/101046\/revisions"}],"predecessor-version":[{"id":101047,"href":"https:\/\/eldiariodesanpedro.com.ar\/sitio\/wp-json\/wp\/v2\/posts\/101046\/revisions\/101047"}],"wp:featuredmedia":[{"embeddable":true,"href":"https:\/\/eldiariodesanpedro.com.ar\/sitio\/wp-json\/wp\/v2\/media\/100631"}],"wp:attachment":[{"href":"https:\/\/eldiariodesanpedro.com.ar\/sitio\/wp-json\/wp\/v2\/media?parent=101046"}],"wp:term":[{"taxonomy":"category","embeddable":true,"href":"https:\/\/eldiariodesanpedro.com.ar\/sitio\/wp-json\/wp\/v2\/categories?post=101046"},{"taxonomy":"post_tag","embeddable":true,"href":"https:\/\/eldiariodesanpedro.com.ar\/sitio\/wp-json\/wp\/v2\/tags?post=101046"}],"curies":[{"name":"wp","href":"https:\/\/api.w.org\/{rel}","templated":true}]}}