{"id":101041,"date":"2021-11-03T08:43:03","date_gmt":"2021-11-03T11:43:03","guid":{"rendered":"https:\/\/eldiariodesanpedro.com.ar\/sitio\/?p=101041"},"modified":"2021-11-03T08:43:06","modified_gmt":"2021-11-03T11:43:06","slug":"salazar-recibio-al-ministro-de-obras-publicas-y-autoridades-de-vialidad-de-la-provincia-por-el-inicio-de-la-repavimentacion-de-la-ruta-191","status":"publish","type":"post","link":"https:\/\/eldiariodesanpedro.com.ar\/sitio\/salazar-recibio-al-ministro-de-obras-publicas-y-autoridades-de-vialidad-de-la-provincia-por-el-inicio-de-la-repavimentacion-de-la-ruta-191\/","title":{"rendered":"Salazar recibi\u00f3 al Ministro de Obras P\u00fablicas y autoridades de Vialidad de la Provincia, por el inicio de la repavimentaci\u00f3n de la ruta 191"},"content":{"rendered":"<!-- VideographyWP Plugin Message: Automatic video embedding prevented by plugin options. -->\n\n<p>En la tarde de este martes, el Intendente Cecilio Salazar recibi\u00f3 en su despacho al Ministro de Infraestructura y Servicios P\u00fablicos de la Provincia de Buenos Aires Leonardo Nardini y junto a \u00e9l se dirigi\u00f3 luego al km 39 de la ruta 191, para encontrarse con el Administrador de Vialidad de la Provincia de Buenos Aires Hern\u00e1n Y Zurieta y al Subadministrador de Vialidad de la Provincia de Buenos Aires, Martin Fraschetti.<\/p>\n\n\n\n<p>En el lugar se intensifican los trabajos previos al inicio de la esperada obra de repavimentaci\u00f3n de la calzada de 48.8 km entre las Rutas 8 y 9 que llevar\u00e1 adelante la empresa ELEPRINT S.A. dentro de los territorios del Partido de San Pedro y Arrecifes.<\/p>\n\n\n\n<p>La obra est\u00e1 dividida en sub-tramos y el primero comenzar\u00e1 en la doble calzada de la intersecci\u00f3n con la ruta 9, con 7 metros de ancho de carpeta asf\u00e1ltica con sus correspondientes defensas y d\u00e1rsenas, refugios rurales para ascenso y descenso de pasajeros del transporte p\u00fablico, se\u00f1alamiento horizontal y vertical, entre otros detalles.<\/p>\n\n\n\n<p>El Intendente Salazar reiter\u00f3 su gran satisfacci\u00f3n por la concreci\u00f3n de esta obra trascendente por la que realiz\u00f3 gestiones constantes desde el inicio de su gesti\u00f3n. \u00abHe seguido paso a paso este proyecto, desde la apertura de sobres, la firma del contrato y todo lo transcurrido hasta este momento en el que las principales autoridades de Obras P\u00fablicas y Vialidad nos acompa\u00f1an, haciendo realidad, gracias al Gobernador y a sus Ministros, esta repavimentaci\u00f3n tan necesaria y esperada\u00bb, dijo. Adem\u00e1s puntualiz\u00f3 que se ha avanzado en las gestiones para incorporar a los trabajos el tramo de 4 km que restan reparar en el acceso a Santa Luc\u00eda.<\/p>\n\n\n\n<p>Hern\u00e1n Y Zurieta, Administrador de Vialidad de la Provincia de Buenos Aires ratific\u00f3 la constancia y las razones del Intendente en solicitar con insistencia esta repavimentaci\u00f3n. Expres\u00f3 que \u00abla obra ya empez\u00f3\u00bb y anunci\u00f3 la llegada de una planta de elaboraci\u00f3n de asfalto que la empresa va a estrenar con la obra de la 191, confirmando la voluntad de darle continuidad a la obra p\u00fablica, \u00abcon una inversi\u00f3n muy importante del Estado, para proteger la vida y estimular la producci\u00f3n y el bienestar de los habitantes de la zona\u00bb.<\/p>\n\n\n\n<p>El Ministro Leonardo Nardini, tambi\u00e9n tuvo palabras de reconocimiento para el Intendente por la firmeza con la que solicit\u00f3 esta obra para su comunidad y remarc\u00f3 la importancia de la pol\u00edtica del Gobernador para \u00abtrabajar con una mirada de vinculaci\u00f3n directa con los intendentes que son los que saben las necesidades de sus pueblos y de sus vecinos\u00bb. Se refiri\u00f3 a esta repavimentaci\u00f3n como \u00abuna obra de beneficios m\u00faltiples que adem\u00e1s genera trabajo en tiempos muy complejos\u00bb.<\/p>\n\n\n\n<p>\u00abEstamos muy contentos y vamos a seguir trabajando en conjunto\u00bb se\u00f1al\u00f3 y finalmente dijo: \u00abseguramente entre marzo y abril vamos a estar por aqu\u00ed recorriendo y ya pudiendo comprobar un importante avance de obra\u00bb.<\/p>\n\n\n\n<p>Junto al Intendente participaron de esta actividad el Secretario de Coordinaci\u00f3n Dr. Ram\u00f3n Salazar, el Secretario de Obras P\u00fablicas Dr. Javier Silva, el Secretario de Gobierno Pablo Vlaeminck, el Secretario de Econom\u00eda y Hacienda Fabi\u00e1n Rodr\u00edguez y el Secretario de Salud, Dr. Daniel Creus, adem\u00e1s de otros funcionarios y colaboradores.<\/p>\n\n\n\n<figure class=\"wp-block-image size-large\"><img decoding=\"async\" width=\"1024\" height=\"687\" data-attachment-id=\"101044\" data-permalink=\"https:\/\/eldiariodesanpedro.com.ar\/sitio\/salazar-recibio-al-ministro-de-obras-publicas-y-autoridades-de-vialidad-de-la-provincia-por-el-inicio-de-la-repavimentacion-de-la-ruta-191\/whatsapp-image-2021-11-02-at-20-10-39\/\" data-orig-file=\"https:\/\/eldiariodesanpedro.com.ar\/sitio\/wp-content\/uploads\/2021\/11\/WhatsApp-Image-2021-11-02-at-20.10.39.jpeg\" data-orig-size=\"1280,859\" data-comments-opened=\"0\" data-image-meta=\"{&quot;aperture&quot;:&quot;0&quot;,&quot;credit&quot;:&quot;&quot;,&quot;camera&quot;:&quot;&quot;,&quot;caption&quot;:&quot;&quot;,&quot;created_timestamp&quot;:&quot;0&quot;,&quot;copyright&quot;:&quot;&quot;,&quot;focal_length&quot;:&quot;0&quot;,&quot;iso&quot;:&quot;0&quot;,&quot;shutter_speed&quot;:&quot;0&quot;,&quot;title&quot;:&quot;&quot;,&quot;orientation&quot;:&quot;0&quot;}\" data-image-title=\"WhatsApp Image 2021-11-02 at 20.10.39\" data-image-description=\"\" data-image-caption=\"\" data-large-file=\"https:\/\/eldiariodesanpedro.com.ar\/sitio\/wp-content\/uploads\/2021\/11\/WhatsApp-Image-2021-11-02-at-20.10.39-1024x687.jpeg\" data-src=\"https:\/\/eldiariodesanpedro.com.ar\/sitio\/wp-content\/uploads\/2021\/11\/WhatsApp-Image-2021-11-02-at-20.10.39-1024x687.jpeg\" alt=\"\" class=\"wp-image-101044 lazyload\" data-srcset=\"https:\/\/eldiariodesanpedro.com.ar\/sitio\/wp-content\/uploads\/2021\/11\/WhatsApp-Image-2021-11-02-at-20.10.39-1024x687.jpeg 1024w, https:\/\/eldiariodesanpedro.com.ar\/sitio\/wp-content\/uploads\/2021\/11\/WhatsApp-Image-2021-11-02-at-20.10.39-300x201.jpeg 300w, https:\/\/eldiariodesanpedro.com.ar\/sitio\/wp-content\/uploads\/2021\/11\/WhatsApp-Image-2021-11-02-at-20.10.39-768x515.jpeg 768w, https:\/\/eldiariodesanpedro.com.ar\/sitio\/wp-content\/uploads\/2021\/11\/WhatsApp-Image-2021-11-02-at-20.10.39.jpeg 1280w\" data-sizes=\"(max-width: 1024px) 100vw, 1024px\" src=\"data:image\/svg+xml;base64,PHN2ZyB3aWR0aD0iMSIgaGVpZ2h0PSIxIiB4bWxucz0iaHR0cDovL3d3dy53My5vcmcvMjAwMC9zdmciPjwvc3ZnPg==\" style=\"--smush-placeholder-width: 1024px; --smush-placeholder-aspect-ratio: 1024\/687;\" \/><\/figure>\n\n\n\n<figure class=\"wp-block-image size-large\"><img decoding=\"async\" width=\"1024\" height=\"705\" data-attachment-id=\"101042\" data-permalink=\"https:\/\/eldiariodesanpedro.com.ar\/sitio\/salazar-recibio-al-ministro-de-obras-publicas-y-autoridades-de-vialidad-de-la-provincia-por-el-inicio-de-la-repavimentacion-de-la-ruta-191\/whatsapp-image-2021-11-02-at-20-10-36\/\" data-orig-file=\"https:\/\/eldiariodesanpedro.com.ar\/sitio\/wp-content\/uploads\/2021\/11\/WhatsApp-Image-2021-11-02-at-20.10.36.jpeg\" data-orig-size=\"1280,881\" data-comments-opened=\"0\" data-image-meta=\"{&quot;aperture&quot;:&quot;0&quot;,&quot;credit&quot;:&quot;&quot;,&quot;camera&quot;:&quot;&quot;,&quot;caption&quot;:&quot;&quot;,&quot;created_timestamp&quot;:&quot;0&quot;,&quot;copyright&quot;:&quot;&quot;,&quot;focal_length&quot;:&quot;0&quot;,&quot;iso&quot;:&quot;0&quot;,&quot;shutter_speed&quot;:&quot;0&quot;,&quot;title&quot;:&quot;&quot;,&quot;orientation&quot;:&quot;0&quot;}\" data-image-title=\"WhatsApp Image 2021-11-02 at 20.10.36\" data-image-description=\"\" data-image-caption=\"\" data-large-file=\"https:\/\/eldiariodesanpedro.com.ar\/sitio\/wp-content\/uploads\/2021\/11\/WhatsApp-Image-2021-11-02-at-20.10.36-1024x705.jpeg\" data-src=\"https:\/\/eldiariodesanpedro.com.ar\/sitio\/wp-content\/uploads\/2021\/11\/WhatsApp-Image-2021-11-02-at-20.10.36-1024x705.jpeg\" alt=\"\" class=\"wp-image-101042 lazyload\" data-srcset=\"https:\/\/eldiariodesanpedro.com.ar\/sitio\/wp-content\/uploads\/2021\/11\/WhatsApp-Image-2021-11-02-at-20.10.36-1024x705.jpeg 1024w, https:\/\/eldiariodesanpedro.com.ar\/sitio\/wp-content\/uploads\/2021\/11\/WhatsApp-Image-2021-11-02-at-20.10.36-300x206.jpeg 300w, https:\/\/eldiariodesanpedro.com.ar\/sitio\/wp-content\/uploads\/2021\/11\/WhatsApp-Image-2021-11-02-at-20.10.36-768x529.jpeg 768w, https:\/\/eldiariodesanpedro.com.ar\/sitio\/wp-content\/uploads\/2021\/11\/WhatsApp-Image-2021-11-02-at-20.10.36.jpeg 1280w\" data-sizes=\"(max-width: 1024px) 100vw, 1024px\" src=\"data:image\/svg+xml;base64,PHN2ZyB3aWR0aD0iMSIgaGVpZ2h0PSIxIiB4bWxucz0iaHR0cDovL3d3dy53My5vcmcvMjAwMC9zdmciPjwvc3ZnPg==\" style=\"--smush-placeholder-width: 1024px; --smush-placeholder-aspect-ratio: 1024\/705;\" \/><\/figure>\n","protected":false},"excerpt":{"rendered":"<p>En la tarde de este martes, el Intendente Cecilio Salazar recibi\u00f3 en su despacho al Ministro de Infraestructura y Servicios P\u00fablicos de la Provincia de Buenos Aires Leonardo Nardini y junto a \u00e9l se dirigi\u00f3 luego al km 39 de la ruta 191, para encontrarse con el Administrador de Vialidad de la Provincia de Buenos [&hellip;]<\/p>\n","protected":false},"author":4,"featured_media":101043,"comment_status":"closed","ping_status":"closed","sticky":false,"template":"","format":"standard","meta":{"om_disable_all_campaigns":false,"_jetpack_memberships_contains_paid_content":false,"footnotes":""},"categories":[50,101,2],"tags":[],"class_list":["post-101041","post","type-post","status-publish","format-standard","has-post-thumbnail","hentry","category-destacadas","category-interes-general-locales","category-locales"],"aioseo_notices":[],"gutentor_comment":0,"jetpack_featured_media_url":"https:\/\/eldiariodesanpedro.com.ar\/sitio\/wp-content\/uploads\/2021\/11\/WhatsApp-Image-2021-11-02-at-20.10.37.jpeg","jetpack_shortlink":"https:\/\/wp.me\/p6RhLt-qhH","jetpack_sharing_enabled":true,"_links":{"self":[{"href":"https:\/\/eldiariodesanpedro.com.ar\/sitio\/wp-json\/wp\/v2\/posts\/101041","targetHints":{"allow":["GET"]}}],"collection":[{"href":"https:\/\/eldiariodesanpedro.com.ar\/sitio\/wp-json\/wp\/v2\/posts"}],"about":[{"href":"https:\/\/eldiariodesanpedro.com.ar\/sitio\/wp-json\/wp\/v2\/types\/post"}],"author":[{"embeddable":true,"href":"https:\/\/eldiariodesanpedro.com.ar\/sitio\/wp-json\/wp\/v2\/users\/4"}],"replies":[{"embeddable":true,"href":"https:\/\/eldiariodesanpedro.com.ar\/sitio\/wp-json\/wp\/v2\/comments?post=101041"}],"version-history":[{"count":1,"href":"https:\/\/eldiariodesanpedro.com.ar\/sitio\/wp-json\/wp\/v2\/posts\/101041\/revisions"}],"predecessor-version":[{"id":101045,"href":"https:\/\/eldiariodesanpedro.com.ar\/sitio\/wp-json\/wp\/v2\/posts\/101041\/revisions\/101045"}],"wp:featuredmedia":[{"embeddable":true,"href":"https:\/\/eldiariodesanpedro.com.ar\/sitio\/wp-json\/wp\/v2\/media\/101043"}],"wp:attachment":[{"href":"https:\/\/eldiariodesanpedro.com.ar\/sitio\/wp-json\/wp\/v2\/media?parent=101041"}],"wp:term":[{"taxonomy":"category","embeddable":true,"href":"https:\/\/eldiariodesanpedro.com.ar\/sitio\/wp-json\/wp\/v2\/categories?post=101041"},{"taxonomy":"post_tag","embeddable":true,"href":"https:\/\/eldiariodesanpedro.com.ar\/sitio\/wp-json\/wp\/v2\/tags?post=101041"}],"curies":[{"name":"wp","href":"https:\/\/api.w.org\/{rel}","templated":true}]}}