{"id":10104,"date":"2016-11-13T17:48:35","date_gmt":"2016-11-13T20:48:35","guid":{"rendered":"https:\/\/eldiariodesanpedro.com.ar\/sitio\/?p=10104"},"modified":"2016-11-13T17:48:35","modified_gmt":"2016-11-13T20:48:35","slug":"volvieron-a-aprehender-al-coreano-tras-protagonizar-nuevos-incidentes","status":"publish","type":"post","link":"https:\/\/eldiariodesanpedro.com.ar\/sitio\/volvieron-a-aprehender-al-coreano-tras-protagonizar-nuevos-incidentes\/","title":{"rendered":"Volvieron a aprehender al coreano tras protagonizar nuevos incidentes"},"content":{"rendered":"<p><!-- VideographyWP Plugin Message: Automatic video embedding prevented by plugin options. --><br \/>\nEl hombre de nacionalidad coreana que protagoniz\u00f3 un <a href=\"https:\/\/eldiariodesanpedro.com.ar\/sitio\/un-motociclista-coreano-manejaba-alcoholizado\/\" target=\"_blank\">bizarro incidente el d\u00eda viernes<\/a>, cuando fue hallado por inspectores realizando maniobras peligrosas en su ciclomotor y que horas m\u00e1s tarde fue trasladado a la comisar\u00eda por protagonizar un incidente en el Banco Naci\u00f3n, no dej\u00f3 la ciudad y en la madrugada de este s\u00e1bado volvi\u00f3 a involucrarse en algunos hechos, por los que nuevamente termin\u00f3 aprehendido en la dependencia policial.<\/p>\n<p>Cerca de las 2.00 protagoniz\u00f3 una pelea, en la que lo golpearon varias personas y luego ya cerca de las 9.30, en Mitre y Gral. Pueyrred\u00f3n, efectivos policiales volvieron a aprehenderlo puesto que se hallaba \u201calterando el orden en la v\u00eda p\u00fablica\u201d.<\/p>\n<p>El hombre se encontraba profiriendo gritos e insultos en estado de ebriedad, se hallaba \u201cverborr\u00e1gico y tambaleante\u201d, seg\u00fan el parte de prensa policial.<\/p>\n<p>Seg\u00fan dio a conocer la polic\u00eda, se labraron contra \u00e9l actuaciones contravencionales por infracci\u00f3n al Art.72 y 74 de la Ley 8031, con intervenci\u00f3n del Juzgado de Paz local San Pedro.<br \/>\nLuego de unas horas fue puesto en libertad.<\/p>\n","protected":false},"excerpt":{"rendered":"<p>El hombre de nacionalidad coreana que protagoniz\u00f3 un bizarro incidente el d\u00eda viernes, cuando fue hallado por inspectores realizando maniobras peligrosas en su ciclomotor y que horas m\u00e1s tarde fue trasladado a la comisar\u00eda por protagonizar un incidente en el Banco Naci\u00f3n, no dej\u00f3 la ciudad y en la madrugada de este s\u00e1bado volvi\u00f3 a [&hellip;]<\/p>\n","protected":false},"author":4,"featured_media":4713,"comment_status":"open","ping_status":"closed","sticky":false,"template":"","format":"standard","meta":{"om_disable_all_campaigns":false,"_jetpack_memberships_contains_paid_content":false,"footnotes":""},"categories":[2,103],"tags":[],"class_list":["post-10104","post","type-post","status-publish","format-standard","has-post-thumbnail","hentry","category-locales","category-policiales-locales"],"aioseo_notices":[],"gutentor_comment":0,"jetpack_featured_media_url":"https:\/\/eldiariodesanpedro.com.ar\/sitio\/wp-content\/uploads\/2016\/05\/detenido.jpg","jetpack_shortlink":"https:\/\/wp.me\/p6RhLt-2CY","jetpack_sharing_enabled":true,"_links":{"self":[{"href":"https:\/\/eldiariodesanpedro.com.ar\/sitio\/wp-json\/wp\/v2\/posts\/10104","targetHints":{"allow":["GET"]}}],"collection":[{"href":"https:\/\/eldiariodesanpedro.com.ar\/sitio\/wp-json\/wp\/v2\/posts"}],"about":[{"href":"https:\/\/eldiariodesanpedro.com.ar\/sitio\/wp-json\/wp\/v2\/types\/post"}],"author":[{"embeddable":true,"href":"https:\/\/eldiariodesanpedro.com.ar\/sitio\/wp-json\/wp\/v2\/users\/4"}],"replies":[{"embeddable":true,"href":"https:\/\/eldiariodesanpedro.com.ar\/sitio\/wp-json\/wp\/v2\/comments?post=10104"}],"version-history":[{"count":2,"href":"https:\/\/eldiariodesanpedro.com.ar\/sitio\/wp-json\/wp\/v2\/posts\/10104\/revisions"}],"predecessor-version":[{"id":10106,"href":"https:\/\/eldiariodesanpedro.com.ar\/sitio\/wp-json\/wp\/v2\/posts\/10104\/revisions\/10106"}],"wp:featuredmedia":[{"embeddable":true,"href":"https:\/\/eldiariodesanpedro.com.ar\/sitio\/wp-json\/wp\/v2\/media\/4713"}],"wp:attachment":[{"href":"https:\/\/eldiariodesanpedro.com.ar\/sitio\/wp-json\/wp\/v2\/media?parent=10104"}],"wp:term":[{"taxonomy":"category","embeddable":true,"href":"https:\/\/eldiariodesanpedro.com.ar\/sitio\/wp-json\/wp\/v2\/categories?post=10104"},{"taxonomy":"post_tag","embeddable":true,"href":"https:\/\/eldiariodesanpedro.com.ar\/sitio\/wp-json\/wp\/v2\/tags?post=10104"}],"curies":[{"name":"wp","href":"https:\/\/api.w.org\/{rel}","templated":true}]}}