{"id":101018,"date":"2021-11-02T10:39:06","date_gmt":"2021-11-02T13:39:06","guid":{"rendered":"https:\/\/eldiariodesanpedro.com.ar\/sitio\/?p=101018"},"modified":"2021-11-02T10:39:09","modified_gmt":"2021-11-02T13:39:09","slug":"participacion-de-representantes-sampedrinos-en-el-congreso-argentino-de-pediatria-y-el-encuentro-nacional-de-salud","status":"publish","type":"post","link":"https:\/\/eldiariodesanpedro.com.ar\/sitio\/participacion-de-representantes-sampedrinos-en-el-congreso-argentino-de-pediatria-y-el-encuentro-nacional-de-salud\/","title":{"rendered":"Participaci\u00f3n de representantes sampedrinos en el Congreso Argentino de Pediatr\u00eda y el Encuentro Nacional de Salud"},"content":{"rendered":"<!-- VideographyWP Plugin Message: Automatic video embedding prevented by plugin options. -->\n\n<p>La Dra. Silvana Morales, responsable del \u00e1rea de inmunizaciones de la Secretar\u00eda de Salud de la Municipalidad de San Pedro particip\u00f3 en representaci\u00f3n del \u00e1rea durante la semana pasada de los encuentros virtuales previstos dentro del Congreso Argentino de Pediatr\u00eda con conversatorios en los que se compartieron importantes novedades sobre el seguimiento de la Pandemia de Covid-19, la adaptaci\u00f3n a los nuevos escenarios y los planes de acci\u00f3n que van compartiendo en cada regi\u00f3n, tomando como referencia las experiencias nacionales e internacionales. Adem\u00e1s dentro del temario se incluyeron otros puntos relacionados con actualizaciones en diferentes especialidades pedi\u00e1tricas, sobre los cu\u00e1les brind\u00f3 detalles al Intendente Salazar y al Secretario de Salud Dr. Daniel Creus.<\/p>\n\n\n\n<p>En el marco de la Semana de la Vacunaci\u00f3n, la Dra. Morales particip\u00f3 adem\u00e1s, de \u201cconversatorios\u201d organizados desde el Ministerio de Salud para desarrollar temas relacionados al \u00e1rea de Inmunizaciones y programaci\u00f3n de recupero de esquemas, para evitar enfermedades inmuno-prevenibles, que est\u00e1n reapareciendo en pa\u00edses lim\u00edtrofes.<\/p>\n\n\n\n<p>Por otro lado, el s\u00e1bado pasado finaliz\u00f3 el VIII Encuentro Nacional de Salud que se desarroll\u00f3 en la Facultad de Medicina de la Universidad Nacional de Jos\u00e9 C. Paz (UNPAZ) con la participaci\u00f3n de las principales autoridades provinciales.<\/p>\n\n\n\n<p>Aqu\u00ed por cuestiones de agenda relacionadas con el plan elaborado para relevamientos, controles y vacunaci\u00f3n, no pudieron participar la Dra. Morales y tampoco la Coordinadora del Plan de Vacunaci\u00f3n Covid-19, Camila Caballero, pero San Pedro estuvo representado por la cacica Clara Romero por el Proyecto Integrado de Medicina Intercultural y los integrantes del equipo de la posta de vacunaci\u00f3n San Pedro, Yesica Garc\u00eda, Nadia Piquet, Lucia Villa, Patricia Crispien, Gustavo D\u00edaz, Danilo Maes y Bernardita Cordobez<\/p>\n\n\n\n<p>El encuentro cont\u00f3 con la participaci\u00f3n de representantes de todo el pa\u00eds que debatieron en torno a la necesidad de un \u201cSistema Nacional Integrado de la Salud\u201d que garantice una prestaci\u00f3n de calidad, con 18 mesas de trabajo, divididas en tem\u00e1ticas como \u00abintegraci\u00f3n entre obras sociales y el Estado\u00bb, \u00abgesti\u00f3n para la integraci\u00f3n\u00bb, \u00aborganizaci\u00f3n popular y cuidados\u00bb, \u00abfeminismos para transformar\u00bb, o \u00abagenda legislativa participativa\u00bb.<\/p>\n\n\n\n<p>Tambi\u00e9n se analizaron experiencias y una planificaci\u00f3n para pr\u00f3ximas acciones en un contexto como el que se percibe en estas semanas, fortaleciendo la vacunaci\u00f3n pero atentos a la evoluci\u00f3n de los contagios.<\/p>\n","protected":false},"excerpt":{"rendered":"<p>La Dra. Silvana Morales, responsable del \u00e1rea de inmunizaciones de la Secretar\u00eda de Salud de la Municipalidad de San Pedro particip\u00f3 en representaci\u00f3n del \u00e1rea durante la semana pasada de los encuentros virtuales previstos dentro del Congreso Argentino de Pediatr\u00eda con conversatorios en los que se compartieron importantes novedades sobre el seguimiento de la Pandemia [&hellip;]<\/p>\n","protected":false},"author":4,"featured_media":101021,"comment_status":"closed","ping_status":"closed","sticky":false,"template":"","format":"standard","meta":{"om_disable_all_campaigns":false,"_jetpack_memberships_contains_paid_content":false,"footnotes":""},"categories":[50,101,2],"tags":[],"class_list":["post-101018","post","type-post","status-publish","format-standard","has-post-thumbnail","hentry","category-destacadas","category-interes-general-locales","category-locales"],"aioseo_notices":[],"gutentor_comment":0,"jetpack_featured_media_url":"https:\/\/eldiariodesanpedro.com.ar\/sitio\/wp-content\/uploads\/2021\/11\/WhatsApp-Image-2021-11-02-at-09.39.33.jpeg","jetpack_shortlink":"https:\/\/wp.me\/p6RhLt-qhk","jetpack_sharing_enabled":true,"_links":{"self":[{"href":"https:\/\/eldiariodesanpedro.com.ar\/sitio\/wp-json\/wp\/v2\/posts\/101018","targetHints":{"allow":["GET"]}}],"collection":[{"href":"https:\/\/eldiariodesanpedro.com.ar\/sitio\/wp-json\/wp\/v2\/posts"}],"about":[{"href":"https:\/\/eldiariodesanpedro.com.ar\/sitio\/wp-json\/wp\/v2\/types\/post"}],"author":[{"embeddable":true,"href":"https:\/\/eldiariodesanpedro.com.ar\/sitio\/wp-json\/wp\/v2\/users\/4"}],"replies":[{"embeddable":true,"href":"https:\/\/eldiariodesanpedro.com.ar\/sitio\/wp-json\/wp\/v2\/comments?post=101018"}],"version-history":[{"count":1,"href":"https:\/\/eldiariodesanpedro.com.ar\/sitio\/wp-json\/wp\/v2\/posts\/101018\/revisions"}],"predecessor-version":[{"id":101022,"href":"https:\/\/eldiariodesanpedro.com.ar\/sitio\/wp-json\/wp\/v2\/posts\/101018\/revisions\/101022"}],"wp:featuredmedia":[{"embeddable":true,"href":"https:\/\/eldiariodesanpedro.com.ar\/sitio\/wp-json\/wp\/v2\/media\/101021"}],"wp:attachment":[{"href":"https:\/\/eldiariodesanpedro.com.ar\/sitio\/wp-json\/wp\/v2\/media?parent=101018"}],"wp:term":[{"taxonomy":"category","embeddable":true,"href":"https:\/\/eldiariodesanpedro.com.ar\/sitio\/wp-json\/wp\/v2\/categories?post=101018"},{"taxonomy":"post_tag","embeddable":true,"href":"https:\/\/eldiariodesanpedro.com.ar\/sitio\/wp-json\/wp\/v2\/tags?post=101018"}],"curies":[{"name":"wp","href":"https:\/\/api.w.org\/{rel}","templated":true}]}}