{"id":101013,"date":"2021-11-02T10:29:29","date_gmt":"2021-11-02T13:29:29","guid":{"rendered":"https:\/\/eldiariodesanpedro.com.ar\/sitio\/?p=101013"},"modified":"2021-11-02T10:29:32","modified_gmt":"2021-11-02T13:29:32","slug":"la-joven-catalina-scoccimarra-bailarina-clasica-de-san-pedro-participo-de-competencias-internacionales","status":"publish","type":"post","link":"https:\/\/eldiariodesanpedro.com.ar\/sitio\/la-joven-catalina-scoccimarra-bailarina-clasica-de-san-pedro-participo-de-competencias-internacionales\/","title":{"rendered":"La joven Catalina Scoccimarra, bailarina cl\u00e1sica de San Pedro, particip\u00f3 de competencias internacionales"},"content":{"rendered":"<!-- VideographyWP Plugin Message: Automatic video embedding prevented by plugin options. -->\n\n<p>Hace algunos meses desde nuestra entidad hab\u00edamos compartido la noticia de que hab\u00eda comenzado a utilizar como locaci\u00f3n para prepararse en el tradicional Sal\u00f3n de los Espejos. &nbsp;<\/p>\n\n\n\n<p>La bailarina prepar\u00f3 su variaci\u00f3n (coreograf\u00eda individual) e intervino a principios de septiembre en las Clases Magistrales de Cloche Ballet Internacional Dance con los maestros Cintia Labarone, Sof\u00eda Marquez, Carla Bubitz, Anabella Tuliano, Philipp David Knapp y Facundo Cornejo.<\/p>\n\n\n\n<p>Luego, el 18 de septiembre particip\u00f3 del Concurso Cloche Ballet Internacional Dance obteniendo el tercer puesto en repertorio cl\u00e1sico, categor\u00eda juvenil II.<\/p>\n\n\n\n<p>Finalmente entre el 6 y el 10 de octubre intervino en el Concurso Organizaci\u00f3n Danzam\u00e9rica \u00abon line internacional \u00abcon un tercer puesto en el repertorio cl\u00e1sico categor\u00eda juvenil II.<\/p>\n\n\n\n<p>Catalina se desempe\u00f1a en este arte desde el 2012, y comenz\u00f3 sus estudios en San Pedro con Sol Altolaguirre a los 4 a\u00f1os. Luego continu\u00f3 con la Profesora Susana \u00abChich\u00ed\u00bb Tosso. El Maestro Leonel Cirelli del Estudio Barbara Yacovone la prepar\u00f3 para los cert\u00e1menes.<\/p>\n\n\n\n<p>Desde nuestra entidad felicitamos a la joven y a sus padres por el acompa\u00f1amiento para estos desaf\u00edos y compartimos el orgullo de haber sido, de alguna manera, part\u00edcipes de todo este proceso.<\/p>\n\n\n\n<figure class=\"wp-block-image size-large\"><img decoding=\"async\" width=\"714\" height=\"1024\" data-attachment-id=\"101015\" data-permalink=\"https:\/\/eldiariodesanpedro.com.ar\/sitio\/la-joven-catalina-scoccimarra-bailarina-clasica-de-san-pedro-participo-de-competencias-internacionales\/catalina-2\/\" data-orig-file=\"https:\/\/eldiariodesanpedro.com.ar\/sitio\/wp-content\/uploads\/2021\/11\/catalina-2.jpg\" data-orig-size=\"1116,1600\" data-comments-opened=\"0\" data-image-meta=\"{&quot;aperture&quot;:&quot;0&quot;,&quot;credit&quot;:&quot;&quot;,&quot;camera&quot;:&quot;&quot;,&quot;caption&quot;:&quot;&quot;,&quot;created_timestamp&quot;:&quot;0&quot;,&quot;copyright&quot;:&quot;&quot;,&quot;focal_length&quot;:&quot;0&quot;,&quot;iso&quot;:&quot;0&quot;,&quot;shutter_speed&quot;:&quot;0&quot;,&quot;title&quot;:&quot;&quot;,&quot;orientation&quot;:&quot;0&quot;}\" data-image-title=\"catalina (2)\" data-image-description=\"\" data-image-caption=\"\" data-large-file=\"https:\/\/eldiariodesanpedro.com.ar\/sitio\/wp-content\/uploads\/2021\/11\/catalina-2-714x1024.jpg\" data-src=\"https:\/\/eldiariodesanpedro.com.ar\/sitio\/wp-content\/uploads\/2021\/11\/catalina-2-714x1024.jpg\" alt=\"\" class=\"wp-image-101015 lazyload\" data-srcset=\"https:\/\/eldiariodesanpedro.com.ar\/sitio\/wp-content\/uploads\/2021\/11\/catalina-2-714x1024.jpg 714w, https:\/\/eldiariodesanpedro.com.ar\/sitio\/wp-content\/uploads\/2021\/11\/catalina-2-209x300.jpg 209w, https:\/\/eldiariodesanpedro.com.ar\/sitio\/wp-content\/uploads\/2021\/11\/catalina-2-768x1101.jpg 768w, https:\/\/eldiariodesanpedro.com.ar\/sitio\/wp-content\/uploads\/2021\/11\/catalina-2-1071x1536.jpg 1071w, https:\/\/eldiariodesanpedro.com.ar\/sitio\/wp-content\/uploads\/2021\/11\/catalina-2.jpg 1116w\" data-sizes=\"(max-width: 714px) 100vw, 714px\" src=\"data:image\/svg+xml;base64,PHN2ZyB3aWR0aD0iMSIgaGVpZ2h0PSIxIiB4bWxucz0iaHR0cDovL3d3dy53My5vcmcvMjAwMC9zdmciPjwvc3ZnPg==\" style=\"--smush-placeholder-width: 714px; --smush-placeholder-aspect-ratio: 714\/1024;\" \/><\/figure>\n\n\n\n<figure class=\"wp-block-image size-large\"><img decoding=\"async\" width=\"768\" height=\"1024\" data-attachment-id=\"101014\" data-permalink=\"https:\/\/eldiariodesanpedro.com.ar\/sitio\/la-joven-catalina-scoccimarra-bailarina-clasica-de-san-pedro-participo-de-competencias-internacionales\/catalina-1\/\" data-orig-file=\"https:\/\/eldiariodesanpedro.com.ar\/sitio\/wp-content\/uploads\/2021\/11\/catalina-1.jpg\" data-orig-size=\"1200,1600\" data-comments-opened=\"0\" data-image-meta=\"{&quot;aperture&quot;:&quot;0&quot;,&quot;credit&quot;:&quot;&quot;,&quot;camera&quot;:&quot;&quot;,&quot;caption&quot;:&quot;&quot;,&quot;created_timestamp&quot;:&quot;0&quot;,&quot;copyright&quot;:&quot;&quot;,&quot;focal_length&quot;:&quot;0&quot;,&quot;iso&quot;:&quot;0&quot;,&quot;shutter_speed&quot;:&quot;0&quot;,&quot;title&quot;:&quot;&quot;,&quot;orientation&quot;:&quot;0&quot;}\" data-image-title=\"catalina (1)\" data-image-description=\"\" data-image-caption=\"\" data-large-file=\"https:\/\/eldiariodesanpedro.com.ar\/sitio\/wp-content\/uploads\/2021\/11\/catalina-1-768x1024.jpg\" data-src=\"https:\/\/eldiariodesanpedro.com.ar\/sitio\/wp-content\/uploads\/2021\/11\/catalina-1-768x1024.jpg\" alt=\"\" class=\"wp-image-101014 lazyload\" data-srcset=\"https:\/\/eldiariodesanpedro.com.ar\/sitio\/wp-content\/uploads\/2021\/11\/catalina-1-768x1024.jpg 768w, https:\/\/eldiariodesanpedro.com.ar\/sitio\/wp-content\/uploads\/2021\/11\/catalina-1-225x300.jpg 225w, https:\/\/eldiariodesanpedro.com.ar\/sitio\/wp-content\/uploads\/2021\/11\/catalina-1-1152x1536.jpg 1152w, https:\/\/eldiariodesanpedro.com.ar\/sitio\/wp-content\/uploads\/2021\/11\/catalina-1.jpg 1200w\" data-sizes=\"(max-width: 768px) 100vw, 768px\" src=\"data:image\/svg+xml;base64,PHN2ZyB3aWR0aD0iMSIgaGVpZ2h0PSIxIiB4bWxucz0iaHR0cDovL3d3dy53My5vcmcvMjAwMC9zdmciPjwvc3ZnPg==\" style=\"--smush-placeholder-width: 768px; --smush-placeholder-aspect-ratio: 768\/1024;\" \/><\/figure>\n","protected":false},"excerpt":{"rendered":"<p>Hace algunos meses desde nuestra entidad hab\u00edamos compartido la noticia de que hab\u00eda comenzado a utilizar como locaci\u00f3n para prepararse en el tradicional Sal\u00f3n de los Espejos. &nbsp; La bailarina prepar\u00f3 su variaci\u00f3n (coreograf\u00eda individual) e intervino a principios de septiembre en las Clases Magistrales de Cloche Ballet Internacional Dance con los maestros Cintia Labarone, [&hellip;]<\/p>\n","protected":false},"author":4,"featured_media":101016,"comment_status":"closed","ping_status":"closed","sticky":false,"template":"","format":"standard","meta":{"om_disable_all_campaigns":false,"_jetpack_memberships_contains_paid_content":false,"footnotes":""},"categories":[50,101,2],"tags":[],"class_list":["post-101013","post","type-post","status-publish","format-standard","has-post-thumbnail","hentry","category-destacadas","category-interes-general-locales","category-locales"],"aioseo_notices":[],"gutentor_comment":0,"jetpack_featured_media_url":"https:\/\/eldiariodesanpedro.com.ar\/sitio\/wp-content\/uploads\/2021\/11\/medida-1.jpg","jetpack_shortlink":"https:\/\/wp.me\/p6RhLt-qhf","jetpack_sharing_enabled":true,"_links":{"self":[{"href":"https:\/\/eldiariodesanpedro.com.ar\/sitio\/wp-json\/wp\/v2\/posts\/101013","targetHints":{"allow":["GET"]}}],"collection":[{"href":"https:\/\/eldiariodesanpedro.com.ar\/sitio\/wp-json\/wp\/v2\/posts"}],"about":[{"href":"https:\/\/eldiariodesanpedro.com.ar\/sitio\/wp-json\/wp\/v2\/types\/post"}],"author":[{"embeddable":true,"href":"https:\/\/eldiariodesanpedro.com.ar\/sitio\/wp-json\/wp\/v2\/users\/4"}],"replies":[{"embeddable":true,"href":"https:\/\/eldiariodesanpedro.com.ar\/sitio\/wp-json\/wp\/v2\/comments?post=101013"}],"version-history":[{"count":1,"href":"https:\/\/eldiariodesanpedro.com.ar\/sitio\/wp-json\/wp\/v2\/posts\/101013\/revisions"}],"predecessor-version":[{"id":101017,"href":"https:\/\/eldiariodesanpedro.com.ar\/sitio\/wp-json\/wp\/v2\/posts\/101013\/revisions\/101017"}],"wp:featuredmedia":[{"embeddable":true,"href":"https:\/\/eldiariodesanpedro.com.ar\/sitio\/wp-json\/wp\/v2\/media\/101016"}],"wp:attachment":[{"href":"https:\/\/eldiariodesanpedro.com.ar\/sitio\/wp-json\/wp\/v2\/media?parent=101013"}],"wp:term":[{"taxonomy":"category","embeddable":true,"href":"https:\/\/eldiariodesanpedro.com.ar\/sitio\/wp-json\/wp\/v2\/categories?post=101013"},{"taxonomy":"post_tag","embeddable":true,"href":"https:\/\/eldiariodesanpedro.com.ar\/sitio\/wp-json\/wp\/v2\/tags?post=101013"}],"curies":[{"name":"wp","href":"https:\/\/api.w.org\/{rel}","templated":true}]}}