{"id":10101,"date":"2016-11-13T17:45:54","date_gmt":"2016-11-13T20:45:54","guid":{"rendered":"https:\/\/eldiariodesanpedro.com.ar\/sitio\/?p=10101"},"modified":"2016-11-13T17:45:54","modified_gmt":"2016-11-13T20:45:54","slug":"mercedes-robles-aporto-a-la-justicia-capturas-de-mensajes-y-tres-nombres-para-que-sean-investigados","status":"publish","type":"post","link":"https:\/\/eldiariodesanpedro.com.ar\/sitio\/mercedes-robles-aporto-a-la-justicia-capturas-de-mensajes-y-tres-nombres-para-que-sean-investigados\/","title":{"rendered":"Mercedes Robles aport\u00f3 a la Justicia capturas de mensajes y tres nombres para que sean investigados"},"content":{"rendered":"<p><!-- VideographyWP Plugin Message: Automatic video embedding prevented by plugin options. --><br \/>\nEl 12 de enero de 2015 fue la \u00faltima vez que se lo vio con vida. Sin dudas, uno de los hechos policiales m\u00e1s importantes que ha tenido la localidad y que a\u00fan no tiene resoluci\u00f3n. Su madre contin\u00faa pidiendo justicia.<\/p>\n<p>\u201cTuve una peque\u00f1a discusi\u00f3n con el fiscal Manso, circunstancia que me llev\u00f3 a San Nicol\u00e1s\u00bb, dijo Mercedes Robles, a trav\u00e9s de La Radio 92.3, y agreg\u00f3: \u00abManso me dijo que si quer\u00eda saber algo m\u00e1s de la causa de mi hijo ten\u00eda que ir a hablar con el fiscal general\u201d. Tanus estaba de \u201clicencia\u201d por lo que \u201chabl\u00e9 con su secretario y me deriv\u00f3 con un instructor, estuvimos viendo parte de la causa\u201d.<\/p>\n<p>En tanto, sostuvo: \u201cLo que vi me doli\u00f3\u201d, \u201chay declaraciones que culpan a la familia todo el tiempo\u201d. Sin embargo tambi\u00e9n aclar\u00f3: \u201cHay tres personas que me interesan que est\u00e9n sus declaraciones porque no las vi\u201d, las cuales cree que podr\u00edan estar implicadas en el hecho. \u201cNo habr\u00eda que haberlas dejado ir de San Pedro hasta que no se supiera qu\u00e9 pas\u00f3 con mi hijo\u201d, asever\u00f3.<\/p>\n<p>\u201cViven cerca de mi domicilio, lamentablemente me tengo que cruzar en la calle a estas personas, agachar la cabeza y esperar los tiempos de la justicia\u201d, agreg\u00f3.<\/p>\n<p>Al tiempo, Robles asegur\u00f3 que aport\u00f3 recientemente capturas de mensajes donde hay informaci\u00f3n importante que podr\u00eda ayudar a la Justicia y eso determin\u00f3 que la causa no sea archivada.<\/p>\n<p>Por otro lado, expres\u00f3: \u201cYo siento que hay algo raro, nada me convence\u201d. \u201cApareci\u00f3 el cuerpo donde se busc\u00f3 miles de veces, todo Tala lo busc\u00f3\u201d.<\/p>\n<p>\u201cSi la causa se cierra es otro caso de R\u00edo Tala que queda en la nada\u201d, \u201chubo tres muertes en los \u00faltimos a\u00f1os y nunca se supo nada\u201d, sentenci\u00f3.<\/p>\n","protected":false},"excerpt":{"rendered":"<p>El 12 de enero de 2015 fue la \u00faltima vez que se lo vio con vida. Sin dudas, uno de los hechos policiales m\u00e1s importantes que ha tenido la localidad y que a\u00fan no tiene resoluci\u00f3n. Su madre contin\u00faa pidiendo justicia. \u201cTuve una peque\u00f1a discusi\u00f3n con el fiscal Manso, circunstancia que me llev\u00f3 a San [&hellip;]<\/p>\n","protected":false},"author":4,"featured_media":10102,"comment_status":"open","ping_status":"closed","sticky":false,"template":"","format":"standard","meta":{"om_disable_all_campaigns":false,"_jetpack_memberships_contains_paid_content":false,"footnotes":""},"categories":[50,2,103],"tags":[],"class_list":["post-10101","post","type-post","status-publish","format-standard","has-post-thumbnail","hentry","category-destacadas","category-locales","category-policiales-locales"],"aioseo_notices":[],"gutentor_comment":0,"jetpack_featured_media_url":"https:\/\/eldiariodesanpedro.com.ar\/sitio\/wp-content\/uploads\/2016\/11\/PAGINA-3-5.jpg","jetpack_shortlink":"https:\/\/wp.me\/p6RhLt-2CV","jetpack_sharing_enabled":true,"_links":{"self":[{"href":"https:\/\/eldiariodesanpedro.com.ar\/sitio\/wp-json\/wp\/v2\/posts\/10101","targetHints":{"allow":["GET"]}}],"collection":[{"href":"https:\/\/eldiariodesanpedro.com.ar\/sitio\/wp-json\/wp\/v2\/posts"}],"about":[{"href":"https:\/\/eldiariodesanpedro.com.ar\/sitio\/wp-json\/wp\/v2\/types\/post"}],"author":[{"embeddable":true,"href":"https:\/\/eldiariodesanpedro.com.ar\/sitio\/wp-json\/wp\/v2\/users\/4"}],"replies":[{"embeddable":true,"href":"https:\/\/eldiariodesanpedro.com.ar\/sitio\/wp-json\/wp\/v2\/comments?post=10101"}],"version-history":[{"count":1,"href":"https:\/\/eldiariodesanpedro.com.ar\/sitio\/wp-json\/wp\/v2\/posts\/10101\/revisions"}],"predecessor-version":[{"id":10103,"href":"https:\/\/eldiariodesanpedro.com.ar\/sitio\/wp-json\/wp\/v2\/posts\/10101\/revisions\/10103"}],"wp:featuredmedia":[{"embeddable":true,"href":"https:\/\/eldiariodesanpedro.com.ar\/sitio\/wp-json\/wp\/v2\/media\/10102"}],"wp:attachment":[{"href":"https:\/\/eldiariodesanpedro.com.ar\/sitio\/wp-json\/wp\/v2\/media?parent=10101"}],"wp:term":[{"taxonomy":"category","embeddable":true,"href":"https:\/\/eldiariodesanpedro.com.ar\/sitio\/wp-json\/wp\/v2\/categories?post=10101"},{"taxonomy":"post_tag","embeddable":true,"href":"https:\/\/eldiariodesanpedro.com.ar\/sitio\/wp-json\/wp\/v2\/tags?post=10101"}],"curies":[{"name":"wp","href":"https:\/\/api.w.org\/{rel}","templated":true}]}}