{"id":101008,"date":"2021-11-02T09:19:55","date_gmt":"2021-11-02T12:19:55","guid":{"rendered":"https:\/\/eldiariodesanpedro.com.ar\/sitio\/?p=101008"},"modified":"2021-11-02T09:21:36","modified_gmt":"2021-11-02T12:21:36","slug":"tragico-accidente-fallecio-motociclista-en-la-ruta-191","status":"publish","type":"post","link":"https:\/\/eldiariodesanpedro.com.ar\/sitio\/tragico-accidente-fallecio-motociclista-en-la-ruta-191\/","title":{"rendered":"Tr\u00e1gico accidente: Falleci\u00f3 motociclista en la Ruta 191"},"content":{"rendered":"<!-- VideographyWP Plugin Message: Automatic video embedding prevented by plugin options. -->\n\n<p>Un joven identificado como Sebasti\u00e1n Pintos muri\u00f3 en la ma\u00f1ana del s\u00e1bado pasado al ser alcanzado por el lateral de un cami\u00f3n carret\u00f3n que circulaba en la mano opuesta.<\/p>\n\n\n\n<p>En un grave accidente vial acontecido en la Ruta 191 falleci\u00f3 un motociclista que circulaba por el lugar.<\/p>\n\n\n\n<p>El incidente se origin\u00f3 alrededor de las 7 de la ma\u00f1ana en la intersecci\u00f3n de la ruta 191 y el ingreso a Santa Luc\u00eda.<\/p>\n\n\n\n<p>Por cuestiones que se deben establecer el conductor de la moto identificado como Sebasti\u00e1n Pintos de 30 a\u00f1os y domiciliado en el kil\u00f3metro 39 de la misma ruta en jurisdicci\u00f3n de Arrecifes, fue gravemente herido al ser alcanzado por los hierros del lateral de un cami\u00f3n carret\u00f3n que viajaba por la mano contraria.<\/p>\n\n\n\n<p>La moto circulaba en sentido Arrecifes y el cami\u00f3n lo hac\u00eda en sentido a San Pedro.<\/p>\n\n\n\n<p>El conductor del cami\u00f3n fue identificado como Ra\u00fal Ben\u00edtez de 52 a\u00f1os y oriundo de San Pedro, mientras que el rodado tambi\u00e9n pertenece a una empresa familiar radicada en nuestra ciudad.<\/p>\n\n\n\n<p>Las graves lesiones sufridas provocaron la muerte de Pintos en el acto cuyo cuerpo qued\u00f3 tendido sobre el asfalto mientras polic\u00eda y bomberos trabajaron en el lugar.<\/p>\n","protected":false},"excerpt":{"rendered":"<p>Un joven identificado como Sebasti\u00e1n Pintos muri\u00f3 en la ma\u00f1ana del s\u00e1bado pasado al ser alcanzado por el lateral de un cami\u00f3n carret\u00f3n que circulaba en la mano opuesta. En un grave accidente vial acontecido en la Ruta 191 falleci\u00f3 un motociclista que circulaba por el lugar. El incidente se origin\u00f3 alrededor de las 7 [&hellip;]<\/p>\n","protected":false},"author":4,"featured_media":101009,"comment_status":"closed","ping_status":"closed","sticky":false,"template":"","format":"standard","meta":{"om_disable_all_campaigns":false,"_jetpack_memberships_contains_paid_content":false,"footnotes":""},"categories":[50,2,103],"tags":[],"class_list":["post-101008","post","type-post","status-publish","format-standard","has-post-thumbnail","hentry","category-destacadas","category-locales","category-policiales-locales"],"aioseo_notices":[],"gutentor_comment":0,"jetpack_featured_media_url":"https:\/\/eldiariodesanpedro.com.ar\/sitio\/wp-content\/uploads\/2021\/11\/0000020445-resized-1920x1080-1.jpeg","jetpack_shortlink":"https:\/\/wp.me\/p6RhLt-qha","jetpack_sharing_enabled":true,"_links":{"self":[{"href":"https:\/\/eldiariodesanpedro.com.ar\/sitio\/wp-json\/wp\/v2\/posts\/101008","targetHints":{"allow":["GET"]}}],"collection":[{"href":"https:\/\/eldiariodesanpedro.com.ar\/sitio\/wp-json\/wp\/v2\/posts"}],"about":[{"href":"https:\/\/eldiariodesanpedro.com.ar\/sitio\/wp-json\/wp\/v2\/types\/post"}],"author":[{"embeddable":true,"href":"https:\/\/eldiariodesanpedro.com.ar\/sitio\/wp-json\/wp\/v2\/users\/4"}],"replies":[{"embeddable":true,"href":"https:\/\/eldiariodesanpedro.com.ar\/sitio\/wp-json\/wp\/v2\/comments?post=101008"}],"version-history":[{"count":2,"href":"https:\/\/eldiariodesanpedro.com.ar\/sitio\/wp-json\/wp\/v2\/posts\/101008\/revisions"}],"predecessor-version":[{"id":101012,"href":"https:\/\/eldiariodesanpedro.com.ar\/sitio\/wp-json\/wp\/v2\/posts\/101008\/revisions\/101012"}],"wp:featuredmedia":[{"embeddable":true,"href":"https:\/\/eldiariodesanpedro.com.ar\/sitio\/wp-json\/wp\/v2\/media\/101009"}],"wp:attachment":[{"href":"https:\/\/eldiariodesanpedro.com.ar\/sitio\/wp-json\/wp\/v2\/media?parent=101008"}],"wp:term":[{"taxonomy":"category","embeddable":true,"href":"https:\/\/eldiariodesanpedro.com.ar\/sitio\/wp-json\/wp\/v2\/categories?post=101008"},{"taxonomy":"post_tag","embeddable":true,"href":"https:\/\/eldiariodesanpedro.com.ar\/sitio\/wp-json\/wp\/v2\/tags?post=101008"}],"curies":[{"name":"wp","href":"https:\/\/api.w.org\/{rel}","templated":true}]}}