{"id":101006,"date":"2021-11-02T09:14:43","date_gmt":"2021-11-02T12:14:43","guid":{"rendered":"https:\/\/eldiariodesanpedro.com.ar\/sitio\/?p=101006"},"modified":"2021-11-02T09:14:46","modified_gmt":"2021-11-02T12:14:46","slug":"el-frente-de-todos-con-salazar-a-la-cabeza-recorrio-barrios-y-localidades-3","status":"publish","type":"post","link":"https:\/\/eldiariodesanpedro.com.ar\/sitio\/el-frente-de-todos-con-salazar-a-la-cabeza-recorrio-barrios-y-localidades-3\/","title":{"rendered":"El Frente de Todos con Salazar a la cabeza recorri\u00f3 barrios y localidades"},"content":{"rendered":"<!-- VideographyWP Plugin Message: Automatic video embedding prevented by plugin options. -->\n\n<p>Los integrantes de la lista que encabeza Daniel Creus a nivel local y Cecilio Salazar en la segunda secci\u00f3n visitaron R\u00edo Tala, Gdor. Castro y recorrieron el centro de la ciudad.<\/p>\n\n\n\n<p>A medida que se acercan los comicios cada sector intensifica la campa\u00f1a. El Frente de Todos sali\u00f3 a las calles tanto de la ciudad como en las localidades para caminar y encontrarse con los vecinos.<\/p>\n\n\n\n<p>Con el actual Intendente Cecilio Salazar a la cabeza m\u00e1s el acompa\u00f1amiento de los candidatos a concejales en los \u00faltimos d\u00edas estuvieron en Gdor. Castro y R\u00edo Tala, adem\u00e1s de recorrer el centro de la ciudad y charlar con cada uno de los vecinos con que se encontraban.<\/p>\n\n\n\n<p>En R\u00edo Tala la presencia de los referentes fue intensa ya que adem\u00e1s visitaron lugares emblem\u00e1ticos de la localidad como la Escuela Secundaria N\u00b09 y el hist\u00f3rico Bar Lazo.<\/p>\n\n\n\n<p>De la recorrida, adem\u00e1s de Salazar, estuvieron el Dr. Daniel Creus, Candelaria Cuscuela y el flamante delegado municipal Walter D\u00edaz.<\/p>\n","protected":false},"excerpt":{"rendered":"<p>Los integrantes de la lista que encabeza Daniel Creus a nivel local y Cecilio Salazar en la segunda secci\u00f3n visitaron R\u00edo Tala, Gdor. Castro y recorrieron el centro de la ciudad. A medida que se acercan los comicios cada sector intensifica la campa\u00f1a. El Frente de Todos sali\u00f3 a las calles tanto de la ciudad [&hellip;]<\/p>\n","protected":false},"author":4,"featured_media":101004,"comment_status":"closed","ping_status":"closed","sticky":false,"template":"","format":"standard","meta":{"om_disable_all_campaigns":false,"_jetpack_memberships_contains_paid_content":false,"footnotes":""},"categories":[101,2],"tags":[],"class_list":["post-101006","post","type-post","status-publish","format-standard","has-post-thumbnail","hentry","category-interes-general-locales","category-locales"],"aioseo_notices":[],"gutentor_comment":0,"jetpack_featured_media_url":"https:\/\/eldiariodesanpedro.com.ar\/sitio\/wp-content\/uploads\/2021\/11\/0000020450-resized-1920x1080-2.jpg","jetpack_shortlink":"https:\/\/wp.me\/p6RhLt-qh8","jetpack_sharing_enabled":true,"_links":{"self":[{"href":"https:\/\/eldiariodesanpedro.com.ar\/sitio\/wp-json\/wp\/v2\/posts\/101006","targetHints":{"allow":["GET"]}}],"collection":[{"href":"https:\/\/eldiariodesanpedro.com.ar\/sitio\/wp-json\/wp\/v2\/posts"}],"about":[{"href":"https:\/\/eldiariodesanpedro.com.ar\/sitio\/wp-json\/wp\/v2\/types\/post"}],"author":[{"embeddable":true,"href":"https:\/\/eldiariodesanpedro.com.ar\/sitio\/wp-json\/wp\/v2\/users\/4"}],"replies":[{"embeddable":true,"href":"https:\/\/eldiariodesanpedro.com.ar\/sitio\/wp-json\/wp\/v2\/comments?post=101006"}],"version-history":[{"count":1,"href":"https:\/\/eldiariodesanpedro.com.ar\/sitio\/wp-json\/wp\/v2\/posts\/101006\/revisions"}],"predecessor-version":[{"id":101007,"href":"https:\/\/eldiariodesanpedro.com.ar\/sitio\/wp-json\/wp\/v2\/posts\/101006\/revisions\/101007"}],"wp:featuredmedia":[{"embeddable":true,"href":"https:\/\/eldiariodesanpedro.com.ar\/sitio\/wp-json\/wp\/v2\/media\/101004"}],"wp:attachment":[{"href":"https:\/\/eldiariodesanpedro.com.ar\/sitio\/wp-json\/wp\/v2\/media?parent=101006"}],"wp:term":[{"taxonomy":"category","embeddable":true,"href":"https:\/\/eldiariodesanpedro.com.ar\/sitio\/wp-json\/wp\/v2\/categories?post=101006"},{"taxonomy":"post_tag","embeddable":true,"href":"https:\/\/eldiariodesanpedro.com.ar\/sitio\/wp-json\/wp\/v2\/tags?post=101006"}],"curies":[{"name":"wp","href":"https:\/\/api.w.org\/{rel}","templated":true}]}}