{"id":100988,"date":"2021-11-01T23:48:36","date_gmt":"2021-11-02T02:48:36","guid":{"rendered":"https:\/\/eldiariodesanpedro.com.ar\/sitio\/?p=100988"},"modified":"2021-11-01T23:48:39","modified_gmt":"2021-11-02T02:48:39","slug":"asamblea-general-ordinaria-del-cento-de-comercio-e-industria-de-san-pedro","status":"publish","type":"post","link":"https:\/\/eldiariodesanpedro.com.ar\/sitio\/asamblea-general-ordinaria-del-cento-de-comercio-e-industria-de-san-pedro\/","title":{"rendered":"Asamblea General Ordinaria del Cento de Comercio e industria de San Pedro"},"content":{"rendered":"<!-- VideographyWP Plugin Message: Automatic video embedding prevented by plugin options. -->\n\n<p>La <strong><em>COMISION DIRECTIVA<\/em><\/strong> del <strong><em>CENTRO de COMERCIO e INDUSTRIA de SAN PEDRO<\/em><\/strong>, convoca a sus asociados a la <strong><em>ASAMBLEA GENERAL ORDINARIA<\/em><\/strong> a realizarse el d\u00eda <strong>18 de Noviembre de 2021<\/strong>, <strong>a las<\/strong> <strong>19,30 horas, en la Sede de la Instituci\u00f3n, Bartolom\u00e9 Mitre 650, a fin de considerar el siguiente:<\/strong><\/p>\n\n\n\n<p><strong>ORDEN DEL DIA<\/strong><\/p>\n\n\n\n<p><strong>1.-<\/strong> Elecci\u00f3n de dos (2) asociados para refrendar el acta, conjuntamente con el Sr. Presidente y el Sr. Secretario.<\/p>\n\n\n\n<p><strong>2.-<\/strong> Informe del motivo de la realizaci\u00f3n de la Asamblea fuera de t\u00e9rmino.<\/p>\n\n\n\n<p><strong>3.-<\/strong> Lectura y consideraci\u00f3n de la Memoria del Ejercicio.<\/p>\n\n\n\n<p><strong>4.- <\/strong>Lectura y consideraci\u00f3n del Balance General, Cuadro de P\u00e9rdidas y Ganancias, Inventario General e Informe de la Comisi\u00f3n Revisora de Cuentas, correspondiente al <strong>Ejercicio Econ\u00f3mico nro. 87 comprendido entre los d\u00edas 01\/01\/2020 y 31\/12\/2020<\/strong>.<\/p>\n\n\n\n<p><strong>5.-<\/strong> Consideraci\u00f3n de las cuotas sociales.<\/p>\n\n\n\n<p><strong>6.- Elecci\u00f3n por dos (2) a\u00f1os<\/strong> de: <strong>PRESIDENTE<\/strong>, en reemplazo del Sr. <em>CHEYLLADA Ra\u00fal Emilio<\/em>; de <strong>SECRETARIO<\/strong>, en reemplazo del Sr. <em>CASTAGNOLA Gonzalo Ismael; <\/em>de <strong>TESORERO<\/strong><em>, <\/em>en reemplazo del Sr.<em> Seregni Roberto F\u00e9lix; <\/em>de <strong>VOCAL TITULAR 1ro.<\/strong>, en reemplazo del Sr. <em>ALLEGRONE H\u00e9ctor Horacio; <\/em>de <strong>VOCAL TITULAR 3ro.<\/strong>,<em> <\/em>en reemplazo de la Sra.<em> RONTE Mar\u00eda Estela,<\/em> todos ellos por finalizaci\u00f3n mandato.<\/p>\n\n\n\n<p><strong>Elecci\u00f3n por un (1) a\u00f1o<\/strong> de: <strong>VOCAL SUPLENTE 1ro.<\/strong>, en reemplazo del Sr. <em>RIOS Lucas Alberto<\/em>; de <strong>VOCAL SUPLENTE 2do.<\/strong>, en reemplazo del Sr. <em>FARI\u00d1A Santiago Abel<\/em>; de <strong>VOCAL SUPLENTE 3ro.<\/strong>, en reemplazo del Sr. <em>AVALOS Hugo Alejandro<\/em>; de <strong>VOCAL SUPLENTE 4to.<\/strong>, en reemplazo de la Sra. <em>ROLFO Yamila<\/em>, todos ellos por finalizaci\u00f3n de mandato.<\/p>\n\n\n\n<p><strong>Elecci\u00f3n por un (1) a\u00f1o<\/strong> de: tres (3) <strong>REVISORES DE CUENTAS TITULARES<\/strong> en reemplazo de la Sra. <em>SPOSITO Silvia Lilian, <\/em>del Sr. <em>DIAZ Roque An\u00edbal<\/em> y del Sr. <em>RIGHETTI An\u00edbal Orlando<\/em> todos ellos por finalizaci\u00f3n de mandato.<\/p>\n\n\n\n<p>ARTICULO 36\u00b0 DEL ESTATUTO: El qu\u00f3rum necesario para sesionar la Asamblea General Ordinaria en primera convocatoria, ser\u00e1 de la mitad m\u00e1s uno de los socios con derecho a voto. Si no se reuniera dicho n\u00famero a la hora indicada, se realizar\u00e1 una hora m\u00e1s tarde, en segunda convocatoria, con el n\u00famero de socios presentes, siempre que sea un n\u00famero igual o mayor al de los miembros titulares del Concejo Directivo.<\/p>\n\n\n\n<p><em>&nbsp;&nbsp;&nbsp;&nbsp;&nbsp;&nbsp;&nbsp;&nbsp;&nbsp;&nbsp;&nbsp;&nbsp;&nbsp;&nbsp;<\/em>Ra\u00fal Emilio Cheyllada &nbsp; &nbsp; &nbsp; &nbsp; &nbsp; &nbsp; &nbsp; &nbsp; &nbsp; &nbsp; &nbsp; &nbsp; &nbsp; &nbsp; &nbsp; &nbsp; &nbsp; &nbsp; &nbsp; &nbsp; &nbsp; &nbsp; &nbsp; &nbsp; &nbsp; Gonzalo Ismael Castagnola<\/p>\n\n\n\n<p>&nbsp;&nbsp;&nbsp;&nbsp;&nbsp;&nbsp;&nbsp;&nbsp;&nbsp;&nbsp;&nbsp;&nbsp;&nbsp;&nbsp;&nbsp;&nbsp;&nbsp;&nbsp;&nbsp;&nbsp;&nbsp;Presidente&nbsp; &nbsp; &nbsp; &nbsp; &nbsp; &nbsp; &nbsp; &nbsp; &nbsp; &nbsp; &nbsp; &nbsp; &nbsp; &nbsp; &nbsp; &nbsp; &nbsp; &nbsp; &nbsp; &nbsp; &nbsp; &nbsp; &nbsp; &nbsp; &nbsp; &nbsp; &nbsp; &nbsp; &nbsp; &nbsp; &nbsp; &nbsp; &nbsp; &nbsp; &nbsp; &nbsp; &nbsp; &nbsp; Secretario<\/p>\n","protected":false},"excerpt":{"rendered":"<p>La COMISION DIRECTIVA del CENTRO de COMERCIO e INDUSTRIA de SAN PEDRO, convoca a sus asociados a la ASAMBLEA GENERAL ORDINARIA a realizarse el d\u00eda 18 de Noviembre de 2021, a las 19,30 horas, en la Sede de la Instituci\u00f3n, Bartolom\u00e9 Mitre 650, a fin de considerar el siguiente: ORDEN DEL DIA 1.- Elecci\u00f3n de [&hellip;]<\/p>\n","protected":false},"author":4,"featured_media":100989,"comment_status":"closed","ping_status":"closed","sticky":false,"template":"","format":"standard","meta":{"om_disable_all_campaigns":false,"_jetpack_memberships_contains_paid_content":false,"footnotes":""},"categories":[678,676],"tags":[],"class_list":["post-100988","post","type-post","status-publish","format-standard","has-post-thumbnail","hentry","category-convocatorias","category-edictos"],"aioseo_notices":[],"gutentor_comment":0,"jetpack_featured_media_url":"https:\/\/eldiariodesanpedro.com.ar\/sitio\/wp-content\/uploads\/2021\/11\/Centro-de-Comercio-Convocatoria-febrero-2020.jpg","jetpack_shortlink":"https:\/\/wp.me\/p6RhLt-qgQ","jetpack_sharing_enabled":true,"_links":{"self":[{"href":"https:\/\/eldiariodesanpedro.com.ar\/sitio\/wp-json\/wp\/v2\/posts\/100988","targetHints":{"allow":["GET"]}}],"collection":[{"href":"https:\/\/eldiariodesanpedro.com.ar\/sitio\/wp-json\/wp\/v2\/posts"}],"about":[{"href":"https:\/\/eldiariodesanpedro.com.ar\/sitio\/wp-json\/wp\/v2\/types\/post"}],"author":[{"embeddable":true,"href":"https:\/\/eldiariodesanpedro.com.ar\/sitio\/wp-json\/wp\/v2\/users\/4"}],"replies":[{"embeddable":true,"href":"https:\/\/eldiariodesanpedro.com.ar\/sitio\/wp-json\/wp\/v2\/comments?post=100988"}],"version-history":[{"count":1,"href":"https:\/\/eldiariodesanpedro.com.ar\/sitio\/wp-json\/wp\/v2\/posts\/100988\/revisions"}],"predecessor-version":[{"id":100990,"href":"https:\/\/eldiariodesanpedro.com.ar\/sitio\/wp-json\/wp\/v2\/posts\/100988\/revisions\/100990"}],"wp:featuredmedia":[{"embeddable":true,"href":"https:\/\/eldiariodesanpedro.com.ar\/sitio\/wp-json\/wp\/v2\/media\/100989"}],"wp:attachment":[{"href":"https:\/\/eldiariodesanpedro.com.ar\/sitio\/wp-json\/wp\/v2\/media?parent=100988"}],"wp:term":[{"taxonomy":"category","embeddable":true,"href":"https:\/\/eldiariodesanpedro.com.ar\/sitio\/wp-json\/wp\/v2\/categories?post=100988"},{"taxonomy":"post_tag","embeddable":true,"href":"https:\/\/eldiariodesanpedro.com.ar\/sitio\/wp-json\/wp\/v2\/tags?post=100988"}],"curies":[{"name":"wp","href":"https:\/\/api.w.org\/{rel}","templated":true}]}}