{"id":100983,"date":"2021-11-01T20:40:45","date_gmt":"2021-11-01T23:40:45","guid":{"rendered":"https:\/\/eldiariodesanpedro.com.ar\/sitio\/?p=100983"},"modified":"2021-11-01T20:40:47","modified_gmt":"2021-11-01T23:40:47","slug":"nueva-operatoria-en-el-puerto-local-para-la-carga-de-maiz-para-llevar-a-uruguay-2","status":"publish","type":"post","link":"https:\/\/eldiariodesanpedro.com.ar\/sitio\/nueva-operatoria-en-el-puerto-local-para-la-carga-de-maiz-para-llevar-a-uruguay-2\/","title":{"rendered":"Nueva operatoria en el puerto local para la carga de ma\u00edz para llevar a Uruguay"},"content":{"rendered":"<!-- VideographyWP Plugin Message: Automatic video embedding prevented by plugin options. -->\n\n<p>La gesti\u00f3n del Puerto local de San Pedro informa el arribo de un barco que realizar\u00e1 la carga de ma\u00edz para trasladar hacia el vecino pa\u00eds.<\/p>\n\n\n\n<p><strong>BUQUE:&nbsp; REMOLCADOR NORA E Y BARCAZAS RAS 22 Y RAS 17<\/strong> <br>BANDERA:&nbsp; PARAGUAY <br>ESLORA: &nbsp; 35 (remolcador) + 60 mts (cada barcaza)  <br>PROCEDENCIA: CAMPANA <br>MUELLE: CABECERA <br>ARRIBO ESTIMADO: 02 -11 &#8211; 21 am  <br>MERCADERIA.3.000 toneladas (aprox.) de maiz partido a granel. <br>DESTINO:&nbsp; URUGUAY<\/p>\n","protected":false},"excerpt":{"rendered":"<p>La gesti\u00f3n del Puerto local de San Pedro informa el arribo de un barco que realizar\u00e1 la carga de ma\u00edz para trasladar hacia el vecino pa\u00eds. BUQUE:&nbsp; REMOLCADOR NORA E Y BARCAZAS RAS 22 Y RAS 17 BANDERA:&nbsp; PARAGUAY ESLORA: &nbsp; 35 (remolcador) + 60 mts (cada barcaza) PROCEDENCIA: CAMPANA MUELLE: CABECERA ARRIBO ESTIMADO: 02 [&hellip;]<\/p>\n","protected":false},"author":4,"featured_media":100186,"comment_status":"closed","ping_status":"closed","sticky":false,"template":"","format":"standard","meta":{"om_disable_all_campaigns":false,"_jetpack_memberships_contains_paid_content":false,"footnotes":""},"categories":[50,101,2],"tags":[],"class_list":["post-100983","post","type-post","status-publish","format-standard","has-post-thumbnail","hentry","category-destacadas","category-interes-general-locales","category-locales"],"aioseo_notices":[],"gutentor_comment":0,"jetpack_featured_media_url":"https:\/\/eldiariodesanpedro.com.ar\/sitio\/wp-content\/uploads\/2021\/10\/HARINA-PUERTO-SAN-PEDRO-14102021-9.jpg","jetpack_shortlink":"https:\/\/wp.me\/p6RhLt-qgL","jetpack_sharing_enabled":true,"_links":{"self":[{"href":"https:\/\/eldiariodesanpedro.com.ar\/sitio\/wp-json\/wp\/v2\/posts\/100983","targetHints":{"allow":["GET"]}}],"collection":[{"href":"https:\/\/eldiariodesanpedro.com.ar\/sitio\/wp-json\/wp\/v2\/posts"}],"about":[{"href":"https:\/\/eldiariodesanpedro.com.ar\/sitio\/wp-json\/wp\/v2\/types\/post"}],"author":[{"embeddable":true,"href":"https:\/\/eldiariodesanpedro.com.ar\/sitio\/wp-json\/wp\/v2\/users\/4"}],"replies":[{"embeddable":true,"href":"https:\/\/eldiariodesanpedro.com.ar\/sitio\/wp-json\/wp\/v2\/comments?post=100983"}],"version-history":[{"count":1,"href":"https:\/\/eldiariodesanpedro.com.ar\/sitio\/wp-json\/wp\/v2\/posts\/100983\/revisions"}],"predecessor-version":[{"id":100985,"href":"https:\/\/eldiariodesanpedro.com.ar\/sitio\/wp-json\/wp\/v2\/posts\/100983\/revisions\/100985"}],"wp:featuredmedia":[{"embeddable":true,"href":"https:\/\/eldiariodesanpedro.com.ar\/sitio\/wp-json\/wp\/v2\/media\/100186"}],"wp:attachment":[{"href":"https:\/\/eldiariodesanpedro.com.ar\/sitio\/wp-json\/wp\/v2\/media?parent=100983"}],"wp:term":[{"taxonomy":"category","embeddable":true,"href":"https:\/\/eldiariodesanpedro.com.ar\/sitio\/wp-json\/wp\/v2\/categories?post=100983"},{"taxonomy":"post_tag","embeddable":true,"href":"https:\/\/eldiariodesanpedro.com.ar\/sitio\/wp-json\/wp\/v2\/tags?post=100983"}],"curies":[{"name":"wp","href":"https:\/\/api.w.org\/{rel}","templated":true}]}}