{"id":100977,"date":"2021-11-01T20:31:09","date_gmt":"2021-11-01T23:31:09","guid":{"rendered":"https:\/\/eldiariodesanpedro.com.ar\/sitio\/?p=100977"},"modified":"2021-11-01T20:31:12","modified_gmt":"2021-11-01T23:31:12","slug":"nueva-comision-en-la-camara-de-viveristas","status":"publish","type":"post","link":"https:\/\/eldiariodesanpedro.com.ar\/sitio\/nueva-comision-en-la-camara-de-viveristas\/","title":{"rendered":"Nueva comisi\u00f3n en la C\u00e1mara de viveristas"},"content":{"rendered":"<!-- VideographyWP Plugin Message: Automatic video embedding prevented by plugin options. -->\n\n<p>Tras el a\u00f1o de pandemia que impidi\u00f3 concretar la asamblea presencial, el 28 de octubre con amplia participaci\u00f3n se reunieron los integrantes C\u00e1mara de Viveristas, Floricultores y Afines del Noreste de la Provincia de Buenos Aires.<\/p>\n\n\n\n<p>Adem\u00e1s de los aspectos formales, el encuentro cont\u00f3 con dos momentos. La consideraci\u00f3n y aprobaci\u00f3n de la memoria de los ejercicios finalizados y de los estados contables; as\u00ed como la renovaci\u00f3n de todos los cargos vencidos de la Comisi\u00f3n Directiva y Comisi\u00f3n Revisora de Cuentas por el t\u00e9rmino de un a\u00f1o. Al oficializarse una sola lista, no se realiza el acto eleccionario mediante escrutinio y la Asamblea proclama ganadora a la misma sin que fuera necesaria la votaci\u00f3n, quedando Francisco Lorido como Presidente de la misma.<\/p>\n\n\n\n<p>Desde la Asamblea anterior, la C\u00e1mara estuvo muy activa, con la responsabilidad de ejecutar la financiaci\u00f3n del \u00abProyecto Creer y Crear\u00bb del Ministerio de Desarrollo Social de Naci\u00f3n para peque\u00f1os viveros de San Pedro para la producci\u00f3n de plantas arbustivas y frutales en maceta, que benefici\u00f3 casi medio centenar de productores en forma directa y a la C\u00e1mara, permitiendo que cada uno de los productores cuente con un m\u00f3dulo de producci\u00f3n de plantas en maceta para aumentar la escala de producci\u00f3n, mejorar la calidad y ampliar el per\u00edodo de ventas. Se continu\u00f3 con el proyecto de rosas libres de virus, logrando concretar la primera venta de plantas comerciales de esa calidad y distribuyendo material para escalar la producci\u00f3n, en una tarea a\u00fan en progresi\u00f3n. Pr\u00f3ximamente se espera concretar un evento para difundir in situ esta producci\u00f3n entre los principales consumidores del ramo. Tambi\u00e9n durante 2020 se firm\u00f3 un Convenio de Cooperaci\u00f3n T\u00e9cnica con el INTA para promover el desarrollo del sector de viveros del Partido de San Pedro a trav\u00e9s de la mejora de la eficiencia del cultivo y la calidad de las plantas a comercializar, la promoci\u00f3n del compostado de residuos agr\u00edcolas e industriales para ser utilizado como componente de los sustratos para la producci\u00f3n de plantas en contenedor y la profesionalizaci\u00f3n del sector a trav\u00e9s de capacitaciones, exposiciones y otros eventos.<\/p>\n\n\n\n<p>Al finalizar la asamblea, el grupo tuvo una peque\u00f1a celebraci\u00f3n, encuentro anual postergado por la situaci\u00f3n de pandemia, que incluy\u00f3 palabras del presidente saliente, Sergio Taurizano, y el entrante Francisco Lorido, entre otros. Incluso, hubo un momento especial para recordar a Adriana Gait\u00e1n, gran inspiradora y soporte desde la primera conformaci\u00f3n de la C\u00e1mara, y participante del grupo de mujeres de la misma, que en breve comenzar\u00e1 un proceso de capacitaci\u00f3n espec\u00edfica en torno a su perfil en la empresa, promovido desde INTA.<\/p>\n\n\n\n<figure class=\"wp-block-image size-large\"><img decoding=\"async\" width=\"1024\" height=\"461\" data-attachment-id=\"100978\" data-permalink=\"https:\/\/eldiariodesanpedro.com.ar\/sitio\/nueva-comision-en-la-camara-de-viveristas\/2a8fe562-a136-68de-6079-60c7c2f8afcf\/\" data-orig-file=\"https:\/\/eldiariodesanpedro.com.ar\/sitio\/wp-content\/uploads\/2021\/11\/2a8fe562-a136-68de-6079-60c7c2f8afcf.jpg\" data-orig-size=\"1200,540\" data-comments-opened=\"0\" data-image-meta=\"{&quot;aperture&quot;:&quot;0&quot;,&quot;credit&quot;:&quot;&quot;,&quot;camera&quot;:&quot;&quot;,&quot;caption&quot;:&quot;&quot;,&quot;created_timestamp&quot;:&quot;0&quot;,&quot;copyright&quot;:&quot;&quot;,&quot;focal_length&quot;:&quot;0&quot;,&quot;iso&quot;:&quot;0&quot;,&quot;shutter_speed&quot;:&quot;0&quot;,&quot;title&quot;:&quot;&quot;,&quot;orientation&quot;:&quot;0&quot;}\" data-image-title=\"2a8fe562-a136-68de-6079-60c7c2f8afcf\" data-image-description=\"\" data-image-caption=\"\" data-large-file=\"https:\/\/eldiariodesanpedro.com.ar\/sitio\/wp-content\/uploads\/2021\/11\/2a8fe562-a136-68de-6079-60c7c2f8afcf-1024x461.jpg\" data-src=\"https:\/\/eldiariodesanpedro.com.ar\/sitio\/wp-content\/uploads\/2021\/11\/2a8fe562-a136-68de-6079-60c7c2f8afcf-1024x461.jpg\" alt=\"\" class=\"wp-image-100978 lazyload\" data-srcset=\"https:\/\/eldiariodesanpedro.com.ar\/sitio\/wp-content\/uploads\/2021\/11\/2a8fe562-a136-68de-6079-60c7c2f8afcf-1024x461.jpg 1024w, https:\/\/eldiariodesanpedro.com.ar\/sitio\/wp-content\/uploads\/2021\/11\/2a8fe562-a136-68de-6079-60c7c2f8afcf-300x135.jpg 300w, https:\/\/eldiariodesanpedro.com.ar\/sitio\/wp-content\/uploads\/2021\/11\/2a8fe562-a136-68de-6079-60c7c2f8afcf-768x346.jpg 768w, https:\/\/eldiariodesanpedro.com.ar\/sitio\/wp-content\/uploads\/2021\/11\/2a8fe562-a136-68de-6079-60c7c2f8afcf.jpg 1200w\" data-sizes=\"(max-width: 1024px) 100vw, 1024px\" src=\"data:image\/svg+xml;base64,PHN2ZyB3aWR0aD0iMSIgaGVpZ2h0PSIxIiB4bWxucz0iaHR0cDovL3d3dy53My5vcmcvMjAwMC9zdmciPjwvc3ZnPg==\" style=\"--smush-placeholder-width: 1024px; --smush-placeholder-aspect-ratio: 1024\/461;\" \/><\/figure>\n","protected":false},"excerpt":{"rendered":"<p>Tras el a\u00f1o de pandemia que impidi\u00f3 concretar la asamblea presencial, el 28 de octubre con amplia participaci\u00f3n se reunieron los integrantes C\u00e1mara de Viveristas, Floricultores y Afines del Noreste de la Provincia de Buenos Aires. Adem\u00e1s de los aspectos formales, el encuentro cont\u00f3 con dos momentos. La consideraci\u00f3n y aprobaci\u00f3n de la memoria de [&hellip;]<\/p>\n","protected":false},"author":4,"featured_media":100979,"comment_status":"closed","ping_status":"closed","sticky":false,"template":"","format":"standard","meta":{"om_disable_all_campaigns":false,"_jetpack_memberships_contains_paid_content":false,"footnotes":""},"categories":[101,2],"tags":[],"class_list":["post-100977","post","type-post","status-publish","format-standard","has-post-thumbnail","hentry","category-interes-general-locales","category-locales"],"aioseo_notices":[],"gutentor_comment":0,"jetpack_featured_media_url":"https:\/\/eldiariodesanpedro.com.ar\/sitio\/wp-content\/uploads\/2021\/11\/244afd20-bdea-ceae-fe23-ad1754e747d6.jpeg","jetpack_shortlink":"https:\/\/wp.me\/p6RhLt-qgF","jetpack_sharing_enabled":true,"_links":{"self":[{"href":"https:\/\/eldiariodesanpedro.com.ar\/sitio\/wp-json\/wp\/v2\/posts\/100977","targetHints":{"allow":["GET"]}}],"collection":[{"href":"https:\/\/eldiariodesanpedro.com.ar\/sitio\/wp-json\/wp\/v2\/posts"}],"about":[{"href":"https:\/\/eldiariodesanpedro.com.ar\/sitio\/wp-json\/wp\/v2\/types\/post"}],"author":[{"embeddable":true,"href":"https:\/\/eldiariodesanpedro.com.ar\/sitio\/wp-json\/wp\/v2\/users\/4"}],"replies":[{"embeddable":true,"href":"https:\/\/eldiariodesanpedro.com.ar\/sitio\/wp-json\/wp\/v2\/comments?post=100977"}],"version-history":[{"count":1,"href":"https:\/\/eldiariodesanpedro.com.ar\/sitio\/wp-json\/wp\/v2\/posts\/100977\/revisions"}],"predecessor-version":[{"id":100980,"href":"https:\/\/eldiariodesanpedro.com.ar\/sitio\/wp-json\/wp\/v2\/posts\/100977\/revisions\/100980"}],"wp:featuredmedia":[{"embeddable":true,"href":"https:\/\/eldiariodesanpedro.com.ar\/sitio\/wp-json\/wp\/v2\/media\/100979"}],"wp:attachment":[{"href":"https:\/\/eldiariodesanpedro.com.ar\/sitio\/wp-json\/wp\/v2\/media?parent=100977"}],"wp:term":[{"taxonomy":"category","embeddable":true,"href":"https:\/\/eldiariodesanpedro.com.ar\/sitio\/wp-json\/wp\/v2\/categories?post=100977"},{"taxonomy":"post_tag","embeddable":true,"href":"https:\/\/eldiariodesanpedro.com.ar\/sitio\/wp-json\/wp\/v2\/tags?post=100977"}],"curies":[{"name":"wp","href":"https:\/\/api.w.org\/{rel}","templated":true}]}}