{"id":100971,"date":"2021-11-01T20:25:19","date_gmt":"2021-11-01T23:25:19","guid":{"rendered":"https:\/\/eldiariodesanpedro.com.ar\/sitio\/?p=100971"},"modified":"2021-11-01T20:25:22","modified_gmt":"2021-11-01T23:25:22","slug":"visita-al-salon-del-coro-farabollini-en-el-aniversario-del-fallecimiento-de-su-creador-y-director","status":"publish","type":"post","link":"https:\/\/eldiariodesanpedro.com.ar\/sitio\/visita-al-salon-del-coro-farabollini-en-el-aniversario-del-fallecimiento-de-su-creador-y-director\/","title":{"rendered":"Visita al sal\u00f3n del Coro Farabollini en el aniversario del fallecimiento de su creador y director"},"content":{"rendered":"<!-- VideographyWP Plugin Message: Automatic video embedding prevented by plugin options. -->\n\n<p>Hoy 1\u00b0 de Noviembre se cumple el 29\u00b0 aniversario del fallecimiento de Guillermo \u00abBebe\u00bb Farabollini, primer Intendente de San Pedro en el regreso de la Democracia en 1983, art\u00edfice de la instalaci\u00f3n en San Pedro de una de las industrias alimenticias m\u00e1s importantes del pa\u00eds, fundador y director del Coro Polif\u00f3nico de San Pedro que desde su partida lo recuerda con su nombre.<\/p>\n\n\n\n<p>Esta ma\u00f1ana la Secretaria de Turismo y Cultura de la Municipalidad, Licenciada Marcela Cu\u00f1er visit\u00f3 las instalaciones del sal\u00f3n donde funciona el Coro (el Viejo Tanque de Agua en Avenida Sarmiento) y fue recibida por Romina Tettamanti, presidenta de la Comisi\u00f3n \u00abAmigos del Coro Polif\u00f3nico Guillermo Farabollini\u00bb, recorriendo los recuerdos que permanecen all\u00ed en memoria de \u00abBebe\u00bb.<\/p>\n\n\n\n<p>Desde el \u00e1rea municipal se acompa\u00f1a al Coro con sus iniciativas, con la cesi\u00f3n del espacio en el que ensayan y realizan diferentes actividades y en todo lo que permita la difusi\u00f3n del grupo. Desde la Municipalidad se colabor\u00f3 tambi\u00e9n este domingo, en la v\u00edspera de esta fecha tan especial para que el Coro participara, brindando un concierto en la Parroquia Santa Clara de Asis de Capital Federal.<\/p>\n\n\n\n<figure class=\"wp-block-image size-large\"><img decoding=\"async\" width=\"576\" height=\"1024\" data-attachment-id=\"100973\" data-permalink=\"https:\/\/eldiariodesanpedro.com.ar\/sitio\/visita-al-salon-del-coro-farabollini-en-el-aniversario-del-fallecimiento-de-su-creador-y-director\/whatsapp-image-2021-11-01-at-17-35-46-2\/\" data-orig-file=\"https:\/\/eldiariodesanpedro.com.ar\/sitio\/wp-content\/uploads\/2021\/11\/WhatsApp-Image-2021-11-01-at-17.35.46-2.jpeg\" data-orig-size=\"900,1600\" data-comments-opened=\"0\" data-image-meta=\"{&quot;aperture&quot;:&quot;0&quot;,&quot;credit&quot;:&quot;&quot;,&quot;camera&quot;:&quot;&quot;,&quot;caption&quot;:&quot;&quot;,&quot;created_timestamp&quot;:&quot;0&quot;,&quot;copyright&quot;:&quot;&quot;,&quot;focal_length&quot;:&quot;0&quot;,&quot;iso&quot;:&quot;0&quot;,&quot;shutter_speed&quot;:&quot;0&quot;,&quot;title&quot;:&quot;&quot;,&quot;orientation&quot;:&quot;0&quot;}\" data-image-title=\"WhatsApp Image 2021-11-01 at 17.35.46 (2)\" data-image-description=\"\" data-image-caption=\"\" data-large-file=\"https:\/\/eldiariodesanpedro.com.ar\/sitio\/wp-content\/uploads\/2021\/11\/WhatsApp-Image-2021-11-01-at-17.35.46-2-576x1024.jpeg\" data-src=\"https:\/\/eldiariodesanpedro.com.ar\/sitio\/wp-content\/uploads\/2021\/11\/WhatsApp-Image-2021-11-01-at-17.35.46-2-576x1024.jpeg\" alt=\"\" class=\"wp-image-100973 lazyload\" data-srcset=\"https:\/\/eldiariodesanpedro.com.ar\/sitio\/wp-content\/uploads\/2021\/11\/WhatsApp-Image-2021-11-01-at-17.35.46-2-576x1024.jpeg 576w, https:\/\/eldiariodesanpedro.com.ar\/sitio\/wp-content\/uploads\/2021\/11\/WhatsApp-Image-2021-11-01-at-17.35.46-2-169x300.jpeg 169w, https:\/\/eldiariodesanpedro.com.ar\/sitio\/wp-content\/uploads\/2021\/11\/WhatsApp-Image-2021-11-01-at-17.35.46-2-768x1365.jpeg 768w, https:\/\/eldiariodesanpedro.com.ar\/sitio\/wp-content\/uploads\/2021\/11\/WhatsApp-Image-2021-11-01-at-17.35.46-2-864x1536.jpeg 864w, https:\/\/eldiariodesanpedro.com.ar\/sitio\/wp-content\/uploads\/2021\/11\/WhatsApp-Image-2021-11-01-at-17.35.46-2.jpeg 900w\" data-sizes=\"(max-width: 576px) 100vw, 576px\" src=\"data:image\/svg+xml;base64,PHN2ZyB3aWR0aD0iMSIgaGVpZ2h0PSIxIiB4bWxucz0iaHR0cDovL3d3dy53My5vcmcvMjAwMC9zdmciPjwvc3ZnPg==\" style=\"--smush-placeholder-width: 576px; --smush-placeholder-aspect-ratio: 576\/1024;\" \/><\/figure>\n\n\n\n<figure class=\"wp-block-image size-large\"><img decoding=\"async\" width=\"768\" height=\"1024\" data-attachment-id=\"100972\" data-permalink=\"https:\/\/eldiariodesanpedro.com.ar\/sitio\/visita-al-salon-del-coro-farabollini-en-el-aniversario-del-fallecimiento-de-su-creador-y-director\/whatsapp-image-2021-11-01-at-17-35-46-1\/\" data-orig-file=\"https:\/\/eldiariodesanpedro.com.ar\/sitio\/wp-content\/uploads\/2021\/11\/WhatsApp-Image-2021-11-01-at-17.35.46-1.jpeg\" data-orig-size=\"1200,1600\" data-comments-opened=\"0\" data-image-meta=\"{&quot;aperture&quot;:&quot;0&quot;,&quot;credit&quot;:&quot;&quot;,&quot;camera&quot;:&quot;&quot;,&quot;caption&quot;:&quot;&quot;,&quot;created_timestamp&quot;:&quot;0&quot;,&quot;copyright&quot;:&quot;&quot;,&quot;focal_length&quot;:&quot;0&quot;,&quot;iso&quot;:&quot;0&quot;,&quot;shutter_speed&quot;:&quot;0&quot;,&quot;title&quot;:&quot;&quot;,&quot;orientation&quot;:&quot;0&quot;}\" data-image-title=\"WhatsApp Image 2021-11-01 at 17.35.46 (1)\" data-image-description=\"\" data-image-caption=\"\" data-large-file=\"https:\/\/eldiariodesanpedro.com.ar\/sitio\/wp-content\/uploads\/2021\/11\/WhatsApp-Image-2021-11-01-at-17.35.46-1-768x1024.jpeg\" data-src=\"https:\/\/eldiariodesanpedro.com.ar\/sitio\/wp-content\/uploads\/2021\/11\/WhatsApp-Image-2021-11-01-at-17.35.46-1-768x1024.jpeg\" alt=\"\" class=\"wp-image-100972 lazyload\" data-srcset=\"https:\/\/eldiariodesanpedro.com.ar\/sitio\/wp-content\/uploads\/2021\/11\/WhatsApp-Image-2021-11-01-at-17.35.46-1-768x1024.jpeg 768w, https:\/\/eldiariodesanpedro.com.ar\/sitio\/wp-content\/uploads\/2021\/11\/WhatsApp-Image-2021-11-01-at-17.35.46-1-225x300.jpeg 225w, https:\/\/eldiariodesanpedro.com.ar\/sitio\/wp-content\/uploads\/2021\/11\/WhatsApp-Image-2021-11-01-at-17.35.46-1-1152x1536.jpeg 1152w, https:\/\/eldiariodesanpedro.com.ar\/sitio\/wp-content\/uploads\/2021\/11\/WhatsApp-Image-2021-11-01-at-17.35.46-1.jpeg 1200w\" data-sizes=\"(max-width: 768px) 100vw, 768px\" src=\"data:image\/svg+xml;base64,PHN2ZyB3aWR0aD0iMSIgaGVpZ2h0PSIxIiB4bWxucz0iaHR0cDovL3d3dy53My5vcmcvMjAwMC9zdmciPjwvc3ZnPg==\" style=\"--smush-placeholder-width: 768px; --smush-placeholder-aspect-ratio: 768\/1024;\" \/><\/figure>\n\n\n\n<figure class=\"wp-block-image size-large\"><img decoding=\"async\" width=\"576\" height=\"1024\" data-attachment-id=\"100975\" data-permalink=\"https:\/\/eldiariodesanpedro.com.ar\/sitio\/visita-al-salon-del-coro-farabollini-en-el-aniversario-del-fallecimiento-de-su-creador-y-director\/whatsapp-image-2021-11-01-at-17-35-47\/\" data-orig-file=\"https:\/\/eldiariodesanpedro.com.ar\/sitio\/wp-content\/uploads\/2021\/11\/WhatsApp-Image-2021-11-01-at-17.35.47.jpeg\" data-orig-size=\"900,1600\" data-comments-opened=\"0\" data-image-meta=\"{&quot;aperture&quot;:&quot;0&quot;,&quot;credit&quot;:&quot;&quot;,&quot;camera&quot;:&quot;&quot;,&quot;caption&quot;:&quot;&quot;,&quot;created_timestamp&quot;:&quot;0&quot;,&quot;copyright&quot;:&quot;&quot;,&quot;focal_length&quot;:&quot;0&quot;,&quot;iso&quot;:&quot;0&quot;,&quot;shutter_speed&quot;:&quot;0&quot;,&quot;title&quot;:&quot;&quot;,&quot;orientation&quot;:&quot;0&quot;}\" data-image-title=\"WhatsApp Image 2021-11-01 at 17.35.47\" data-image-description=\"\" data-image-caption=\"\" data-large-file=\"https:\/\/eldiariodesanpedro.com.ar\/sitio\/wp-content\/uploads\/2021\/11\/WhatsApp-Image-2021-11-01-at-17.35.47-576x1024.jpeg\" data-src=\"https:\/\/eldiariodesanpedro.com.ar\/sitio\/wp-content\/uploads\/2021\/11\/WhatsApp-Image-2021-11-01-at-17.35.47-576x1024.jpeg\" alt=\"\" class=\"wp-image-100975 lazyload\" data-srcset=\"https:\/\/eldiariodesanpedro.com.ar\/sitio\/wp-content\/uploads\/2021\/11\/WhatsApp-Image-2021-11-01-at-17.35.47-576x1024.jpeg 576w, https:\/\/eldiariodesanpedro.com.ar\/sitio\/wp-content\/uploads\/2021\/11\/WhatsApp-Image-2021-11-01-at-17.35.47-169x300.jpeg 169w, https:\/\/eldiariodesanpedro.com.ar\/sitio\/wp-content\/uploads\/2021\/11\/WhatsApp-Image-2021-11-01-at-17.35.47-768x1365.jpeg 768w, https:\/\/eldiariodesanpedro.com.ar\/sitio\/wp-content\/uploads\/2021\/11\/WhatsApp-Image-2021-11-01-at-17.35.47-864x1536.jpeg 864w, https:\/\/eldiariodesanpedro.com.ar\/sitio\/wp-content\/uploads\/2021\/11\/WhatsApp-Image-2021-11-01-at-17.35.47.jpeg 900w\" data-sizes=\"(max-width: 576px) 100vw, 576px\" src=\"data:image\/svg+xml;base64,PHN2ZyB3aWR0aD0iMSIgaGVpZ2h0PSIxIiB4bWxucz0iaHR0cDovL3d3dy53My5vcmcvMjAwMC9zdmciPjwvc3ZnPg==\" style=\"--smush-placeholder-width: 576px; --smush-placeholder-aspect-ratio: 576\/1024;\" \/><\/figure>\n","protected":false},"excerpt":{"rendered":"<p>Hoy 1\u00b0 de Noviembre se cumple el 29\u00b0 aniversario del fallecimiento de Guillermo \u00abBebe\u00bb Farabollini, primer Intendente de San Pedro en el regreso de la Democracia en 1983, art\u00edfice de la instalaci\u00f3n en San Pedro de una de las industrias alimenticias m\u00e1s importantes del pa\u00eds, fundador y director del Coro Polif\u00f3nico de San Pedro que [&hellip;]<\/p>\n","protected":false},"author":4,"featured_media":100974,"comment_status":"closed","ping_status":"closed","sticky":false,"template":"","format":"standard","meta":{"om_disable_all_campaigns":false,"_jetpack_memberships_contains_paid_content":false,"footnotes":""},"categories":[50,101,2],"tags":[],"class_list":["post-100971","post","type-post","status-publish","format-standard","has-post-thumbnail","hentry","category-destacadas","category-interes-general-locales","category-locales"],"aioseo_notices":[],"gutentor_comment":0,"jetpack_featured_media_url":"https:\/\/eldiariodesanpedro.com.ar\/sitio\/wp-content\/uploads\/2021\/11\/WhatsApp-Image-2021-11-01-at-17.35.46.jpeg","jetpack_shortlink":"https:\/\/wp.me\/p6RhLt-qgz","jetpack_sharing_enabled":true,"_links":{"self":[{"href":"https:\/\/eldiariodesanpedro.com.ar\/sitio\/wp-json\/wp\/v2\/posts\/100971","targetHints":{"allow":["GET"]}}],"collection":[{"href":"https:\/\/eldiariodesanpedro.com.ar\/sitio\/wp-json\/wp\/v2\/posts"}],"about":[{"href":"https:\/\/eldiariodesanpedro.com.ar\/sitio\/wp-json\/wp\/v2\/types\/post"}],"author":[{"embeddable":true,"href":"https:\/\/eldiariodesanpedro.com.ar\/sitio\/wp-json\/wp\/v2\/users\/4"}],"replies":[{"embeddable":true,"href":"https:\/\/eldiariodesanpedro.com.ar\/sitio\/wp-json\/wp\/v2\/comments?post=100971"}],"version-history":[{"count":1,"href":"https:\/\/eldiariodesanpedro.com.ar\/sitio\/wp-json\/wp\/v2\/posts\/100971\/revisions"}],"predecessor-version":[{"id":100976,"href":"https:\/\/eldiariodesanpedro.com.ar\/sitio\/wp-json\/wp\/v2\/posts\/100971\/revisions\/100976"}],"wp:featuredmedia":[{"embeddable":true,"href":"https:\/\/eldiariodesanpedro.com.ar\/sitio\/wp-json\/wp\/v2\/media\/100974"}],"wp:attachment":[{"href":"https:\/\/eldiariodesanpedro.com.ar\/sitio\/wp-json\/wp\/v2\/media?parent=100971"}],"wp:term":[{"taxonomy":"category","embeddable":true,"href":"https:\/\/eldiariodesanpedro.com.ar\/sitio\/wp-json\/wp\/v2\/categories?post=100971"},{"taxonomy":"post_tag","embeddable":true,"href":"https:\/\/eldiariodesanpedro.com.ar\/sitio\/wp-json\/wp\/v2\/tags?post=100971"}],"curies":[{"name":"wp","href":"https:\/\/api.w.org\/{rel}","templated":true}]}}