{"id":100963,"date":"2021-11-01T20:21:50","date_gmt":"2021-11-01T23:21:50","guid":{"rendered":"https:\/\/eldiariodesanpedro.com.ar\/sitio\/?p=100963"},"modified":"2021-11-01T20:21:53","modified_gmt":"2021-11-01T23:21:53","slug":"se-firmo-el-contrato-para-el-inicio-de-la-construccion-de-las-84-viviendas","status":"publish","type":"post","link":"https:\/\/eldiariodesanpedro.com.ar\/sitio\/se-firmo-el-contrato-para-el-inicio-de-la-construccion-de-las-84-viviendas\/","title":{"rendered":"Se firm\u00f3 el contrato para el inicio de la construcci\u00f3n de las 84 viviendas"},"content":{"rendered":"<!-- VideographyWP Plugin Message: Automatic video embedding prevented by plugin options. -->\n\n<p>Se cumpli\u00f3 esta tarde con la firma del contrato para el inmediato inicio de los trabajos para la construcci\u00f3n de las 84 viviendas en Villa Depietri. El Intendente Cecilio Salazar suscribi\u00f3 la documentaci\u00f3n con la empresa adjudicataria, \u00abCooperativa de Trabajo Grupo Alfa Limitada\u00bb.<\/p>\n\n\n\n<p>Tras la apertura de sobres la semana pasada comenzar\u00e1n inmediatamente las tareas de movimiento de suelos para iniciar la esperada construcci\u00f3n del primer plan habitacional en m\u00e1s de una d\u00e9cada en el Partido de San Pedro.<\/p>\n\n\n\n<p>En el acto participaron adem\u00e1s el Secretario de Obras Planeamiento y Catastro Dr. Javier Silva, el Secretario de Gobierno Pablo Vlaeminck y Juan Pablo Ojeda, representante de la cooperativa mencionada que tendr\u00e1 un plazo de 18 meses para la finalizaci\u00f3n de la obra de acuerdo a lo establecido en el contrato.<\/p>\n\n\n\n<p>La inscripci\u00f3n de los postulantes para el sorteo de estas viviendas contin\u00faa abierta en la Secretar\u00eda de Desarrollo Humano hasta el 17 de diciembre. Previamente se debe gestionar el turno para luego presentar la documentaci\u00f3n solicitada.<\/p>\n\n\n\n<p>Los turnos para la inscripci\u00f3n se otorgan de 14 a 16 a quienes cumplan con los siguientes requisitos: Ser mayor de 18 a\u00f1os; ser argentino\/a natural o por opci\u00f3n con residencia permanente en San Pedro; DNI del beneficiario\/a y grupo familiar conviviente; contar con grupo familiar a cargo; contar con ingresos provenientes de trabajo formales, jubilaciones y\/o pensiones; no ser propietarios\/as o copropietarios\/as de bienes inmuebles; presentar contrato de alquiler si lo tuviera.<\/p>\n\n\n\n<p>En cuanto a la inscripci\u00f3n para las viviendas adaptadas a personas con movilidad reducida o necesidades especiales, se llevar\u00e1 a cabo a partir del 20 de diciembre.<\/p>\n\n\n\n<figure class=\"wp-block-image size-large\"><img decoding=\"async\" width=\"1024\" height=\"681\" data-attachment-id=\"100965\" data-permalink=\"https:\/\/eldiariodesanpedro.com.ar\/sitio\/se-firmo-el-contrato-para-el-inicio-de-la-construccion-de-las-84-viviendas\/whatsapp-image-2021-11-01-at-17-22-59-1\/\" data-orig-file=\"https:\/\/eldiariodesanpedro.com.ar\/sitio\/wp-content\/uploads\/2021\/11\/WhatsApp-Image-2021-11-01-at-17.22.59-1.jpeg\" data-orig-size=\"1280,851\" data-comments-opened=\"0\" data-image-meta=\"{&quot;aperture&quot;:&quot;0&quot;,&quot;credit&quot;:&quot;&quot;,&quot;camera&quot;:&quot;&quot;,&quot;caption&quot;:&quot;&quot;,&quot;created_timestamp&quot;:&quot;0&quot;,&quot;copyright&quot;:&quot;&quot;,&quot;focal_length&quot;:&quot;0&quot;,&quot;iso&quot;:&quot;0&quot;,&quot;shutter_speed&quot;:&quot;0&quot;,&quot;title&quot;:&quot;&quot;,&quot;orientation&quot;:&quot;0&quot;}\" data-image-title=\"WhatsApp Image 2021-11-01 at 17.22.59 (1)\" data-image-description=\"\" data-image-caption=\"\" data-large-file=\"https:\/\/eldiariodesanpedro.com.ar\/sitio\/wp-content\/uploads\/2021\/11\/WhatsApp-Image-2021-11-01-at-17.22.59-1-1024x681.jpeg\" data-src=\"https:\/\/eldiariodesanpedro.com.ar\/sitio\/wp-content\/uploads\/2021\/11\/WhatsApp-Image-2021-11-01-at-17.22.59-1-1024x681.jpeg\" alt=\"\" class=\"wp-image-100965 lazyload\" data-srcset=\"https:\/\/eldiariodesanpedro.com.ar\/sitio\/wp-content\/uploads\/2021\/11\/WhatsApp-Image-2021-11-01-at-17.22.59-1-1024x681.jpeg 1024w, https:\/\/eldiariodesanpedro.com.ar\/sitio\/wp-content\/uploads\/2021\/11\/WhatsApp-Image-2021-11-01-at-17.22.59-1-300x199.jpeg 300w, https:\/\/eldiariodesanpedro.com.ar\/sitio\/wp-content\/uploads\/2021\/11\/WhatsApp-Image-2021-11-01-at-17.22.59-1-768x511.jpeg 768w, https:\/\/eldiariodesanpedro.com.ar\/sitio\/wp-content\/uploads\/2021\/11\/WhatsApp-Image-2021-11-01-at-17.22.59-1.jpeg 1280w\" data-sizes=\"(max-width: 1024px) 100vw, 1024px\" src=\"data:image\/svg+xml;base64,PHN2ZyB3aWR0aD0iMSIgaGVpZ2h0PSIxIiB4bWxucz0iaHR0cDovL3d3dy53My5vcmcvMjAwMC9zdmciPjwvc3ZnPg==\" style=\"--smush-placeholder-width: 1024px; --smush-placeholder-aspect-ratio: 1024\/681;\" \/><\/figure>\n\n\n\n<figure class=\"wp-block-image size-large\"><img decoding=\"async\" width=\"1024\" height=\"634\" data-attachment-id=\"100966\" data-permalink=\"https:\/\/eldiariodesanpedro.com.ar\/sitio\/se-firmo-el-contrato-para-el-inicio-de-la-construccion-de-las-84-viviendas\/whatsapp-image-2021-11-01-at-17-22-59\/\" data-orig-file=\"https:\/\/eldiariodesanpedro.com.ar\/sitio\/wp-content\/uploads\/2021\/11\/WhatsApp-Image-2021-11-01-at-17.22.59.jpeg\" data-orig-size=\"1280,792\" data-comments-opened=\"0\" data-image-meta=\"{&quot;aperture&quot;:&quot;0&quot;,&quot;credit&quot;:&quot;&quot;,&quot;camera&quot;:&quot;&quot;,&quot;caption&quot;:&quot;&quot;,&quot;created_timestamp&quot;:&quot;0&quot;,&quot;copyright&quot;:&quot;&quot;,&quot;focal_length&quot;:&quot;0&quot;,&quot;iso&quot;:&quot;0&quot;,&quot;shutter_speed&quot;:&quot;0&quot;,&quot;title&quot;:&quot;&quot;,&quot;orientation&quot;:&quot;0&quot;}\" data-image-title=\"WhatsApp Image 2021-11-01 at 17.22.59\" data-image-description=\"\" data-image-caption=\"\" data-large-file=\"https:\/\/eldiariodesanpedro.com.ar\/sitio\/wp-content\/uploads\/2021\/11\/WhatsApp-Image-2021-11-01-at-17.22.59-1024x634.jpeg\" data-src=\"https:\/\/eldiariodesanpedro.com.ar\/sitio\/wp-content\/uploads\/2021\/11\/WhatsApp-Image-2021-11-01-at-17.22.59-1024x634.jpeg\" alt=\"\" class=\"wp-image-100966 lazyload\" data-srcset=\"https:\/\/eldiariodesanpedro.com.ar\/sitio\/wp-content\/uploads\/2021\/11\/WhatsApp-Image-2021-11-01-at-17.22.59-1024x634.jpeg 1024w, https:\/\/eldiariodesanpedro.com.ar\/sitio\/wp-content\/uploads\/2021\/11\/WhatsApp-Image-2021-11-01-at-17.22.59-300x186.jpeg 300w, https:\/\/eldiariodesanpedro.com.ar\/sitio\/wp-content\/uploads\/2021\/11\/WhatsApp-Image-2021-11-01-at-17.22.59-768x475.jpeg 768w, https:\/\/eldiariodesanpedro.com.ar\/sitio\/wp-content\/uploads\/2021\/11\/WhatsApp-Image-2021-11-01-at-17.22.59.jpeg 1280w\" data-sizes=\"(max-width: 1024px) 100vw, 1024px\" src=\"data:image\/svg+xml;base64,PHN2ZyB3aWR0aD0iMSIgaGVpZ2h0PSIxIiB4bWxucz0iaHR0cDovL3d3dy53My5vcmcvMjAwMC9zdmciPjwvc3ZnPg==\" style=\"--smush-placeholder-width: 1024px; --smush-placeholder-aspect-ratio: 1024\/634;\" \/><\/figure>\n","protected":false},"excerpt":{"rendered":"<p>Se cumpli\u00f3 esta tarde con la firma del contrato para el inmediato inicio de los trabajos para la construcci\u00f3n de las 84 viviendas en Villa Depietri. El Intendente Cecilio Salazar suscribi\u00f3 la documentaci\u00f3n con la empresa adjudicataria, \u00abCooperativa de Trabajo Grupo Alfa Limitada\u00bb. Tras la apertura de sobres la semana pasada comenzar\u00e1n inmediatamente las tareas [&hellip;]<\/p>\n","protected":false},"author":4,"featured_media":100964,"comment_status":"closed","ping_status":"closed","sticky":false,"template":"","format":"standard","meta":{"om_disable_all_campaigns":false,"_jetpack_memberships_contains_paid_content":false,"footnotes":""},"categories":[50,101,2],"tags":[],"class_list":["post-100963","post","type-post","status-publish","format-standard","has-post-thumbnail","hentry","category-destacadas","category-interes-general-locales","category-locales"],"aioseo_notices":[],"gutentor_comment":0,"jetpack_featured_media_url":"https:\/\/eldiariodesanpedro.com.ar\/sitio\/wp-content\/uploads\/2021\/11\/WhatsApp-Image-2021-11-01-at-17.22.58.jpeg","jetpack_shortlink":"https:\/\/wp.me\/p6RhLt-qgr","jetpack_sharing_enabled":true,"_links":{"self":[{"href":"https:\/\/eldiariodesanpedro.com.ar\/sitio\/wp-json\/wp\/v2\/posts\/100963","targetHints":{"allow":["GET"]}}],"collection":[{"href":"https:\/\/eldiariodesanpedro.com.ar\/sitio\/wp-json\/wp\/v2\/posts"}],"about":[{"href":"https:\/\/eldiariodesanpedro.com.ar\/sitio\/wp-json\/wp\/v2\/types\/post"}],"author":[{"embeddable":true,"href":"https:\/\/eldiariodesanpedro.com.ar\/sitio\/wp-json\/wp\/v2\/users\/4"}],"replies":[{"embeddable":true,"href":"https:\/\/eldiariodesanpedro.com.ar\/sitio\/wp-json\/wp\/v2\/comments?post=100963"}],"version-history":[{"count":1,"href":"https:\/\/eldiariodesanpedro.com.ar\/sitio\/wp-json\/wp\/v2\/posts\/100963\/revisions"}],"predecessor-version":[{"id":100970,"href":"https:\/\/eldiariodesanpedro.com.ar\/sitio\/wp-json\/wp\/v2\/posts\/100963\/revisions\/100970"}],"wp:featuredmedia":[{"embeddable":true,"href":"https:\/\/eldiariodesanpedro.com.ar\/sitio\/wp-json\/wp\/v2\/media\/100964"}],"wp:attachment":[{"href":"https:\/\/eldiariodesanpedro.com.ar\/sitio\/wp-json\/wp\/v2\/media?parent=100963"}],"wp:term":[{"taxonomy":"category","embeddable":true,"href":"https:\/\/eldiariodesanpedro.com.ar\/sitio\/wp-json\/wp\/v2\/categories?post=100963"},{"taxonomy":"post_tag","embeddable":true,"href":"https:\/\/eldiariodesanpedro.com.ar\/sitio\/wp-json\/wp\/v2\/tags?post=100963"}],"curies":[{"name":"wp","href":"https:\/\/api.w.org\/{rel}","templated":true}]}}