{"id":10096,"date":"2016-11-11T21:16:16","date_gmt":"2016-11-12T00:16:16","guid":{"rendered":"https:\/\/eldiariodesanpedro.com.ar\/sitio\/?p=10096"},"modified":"2016-11-11T21:17:02","modified_gmt":"2016-11-12T00:17:02","slug":"se-realizara-la-4o-maraton-de-alucec-san-pedro","status":"publish","type":"post","link":"https:\/\/eldiariodesanpedro.com.ar\/sitio\/se-realizara-la-4o-maraton-de-alucec-san-pedro\/","title":{"rendered":"Se realizar\u00e1 la 4\u00ba Marat\u00f3n de Alucec San Pedro"},"content":{"rendered":"<p><!-- VideographyWP Plugin Message: Automatic video embedding prevented by plugin options. --><br \/>\nCharlamos con integrantes de la comisi\u00f3n directiva de ALUCEC. Su vicepresidenta, Mar\u00eda Emilia Paladini, y las integrantes Beatriz Perret y Guillermina Cepedal, se refirieron al evento que tendr\u00e1 lugar el d\u00eda de hoy y ma\u00f1ana en el Paseo P\u00fablico.<\/p>\n<p>La vicepresidenta se\u00f1al\u00f3 que la propuesta de la marat\u00f3n busca recaudar fondos para la lucha contra el c\u00e1ncer y su prevenci\u00f3n, ya que ALUCEC pertenece a la red LALCEC ARGENTINA, que se dedica exclusivamente a ello.<\/p>\n<p>Con el dinero recaudado, se implementar\u00e1n campa\u00f1as de prevenci\u00f3n, adem\u00e1s de ayudar a aquellos que necesitan tratamientos y tambi\u00e9n a personas de escasos recursos, por ejemplo, costeando el transporte cuando precisen trasladarse a otra ciudad.<\/p>\n<p>En esta oportunidad, el evento se llevar\u00e1 a cabo en dos d\u00edas, hoy y ma\u00f1ana. Para hoy se propone una caminata y ma\u00f1ana s\u00ed se realizar\u00e1 la tradicional marat\u00f3n (esta ya es la cuarta vez que se realiza). <\/p>\n<p>Seg\u00fan lo coment\u00f3 la se\u00f1ora Barret, expresidenta de la Comisi\u00f3n Directiva: \u201cEsta marat\u00f3n es un esfuerzo institucionalmente muy grande para nosotros, ya que adem\u00e1s de la organizaci\u00f3n de la misma, que desde hace 4 meses lo estamos haciendo, tambi\u00e9n seguimos haciendo lo que ALUCEC hace normalmente, siguen funcionando los consultorios, se hizo la campa\u00f1a de mama, la campa\u00f1a de piel, la campa\u00f1a de PAP y todo eso es un esfuerzo que hacemos con dos objetivos: el primero, que la gente tome conciencia de la importancia de los controles y la importancia de la prevenci\u00f3n, y el segundo objetivo, como ya lo hab\u00edamos dicho, es recaudar para ayudar a los pacientes\u201d.<\/p>\n<p>Para ALUCEC es muy costoso el mantenimiento de la instituci\u00f3n, que funciona con el aporte de los socios, porque  no se recibe ayuda de otro \u00e1mbito m\u00e1s que un reducido subsidio de la Municipalidad. Por ello, y al tener muchos gastos extra, lo recaudado en la marat\u00f3n ser\u00e1 de suma importancia. <\/p>\n<p><strong>Toda la informaci\u00f3n del evento<\/strong><\/p>\n<p>Lugar: PASEO P\u00daBLICO MUNICIPAL<br \/>\nFecha: 13 DE NOVIEMBRE 2016<br \/>\nHora de largada: 9.00 hs<br \/>\nDistancias: 10K y 5K<br \/>\nClasificaci\u00f3n por Chips LAPTIME SPORTS GROUP<\/p>\n<p>COSTO DE INSCRIPCI\u00d3N<\/p>\n<p>5K: $300<br \/>\n10K: $400<\/p>\n<p>El Kit Incluye:<br \/>\n* Derecho a Participaci\u00f3n<br \/>\n* Remera de USO OBLIGATORIO<br \/>\n* N\u00famero de Dorsal Con chip Incluido de USO OBLIGATORIO<br \/>\n* Seguro de atleta<br \/>\n* Hidrataci\u00f3n<br \/>\n* Servicio de ambulancia<\/p>\n<p>NO SE INSCRIBE EL D\u00cdA DE LA CARRERA. SIN EXCEPCI\u00d3N <\/p>\n<p>CRONOGRAMA DOMINGO<\/p>\n<p>08.00 A 8.30: ENTREGA DE KITS PARA CORREDORES FOR\u00c1NEOS<br \/>\n08.30: ENTRADA EN CALOR<br \/>\n09.00: LARGADA<br \/>\n11.30: PREMIACI\u00d3N<\/p>\n","protected":false},"excerpt":{"rendered":"<p>Charlamos con integrantes de la comisi\u00f3n directiva de ALUCEC. Su vicepresidenta, Mar\u00eda Emilia Paladini, y las integrantes Beatriz Perret y Guillermina Cepedal, se refirieron al evento que tendr\u00e1 lugar el d\u00eda de hoy y ma\u00f1ana en el Paseo P\u00fablico. La vicepresidenta se\u00f1al\u00f3 que la propuesta de la marat\u00f3n busca recaudar fondos para la lucha contra [&hellip;]<\/p>\n","protected":false},"author":4,"featured_media":10097,"comment_status":"open","ping_status":"closed","sticky":false,"template":"","format":"standard","meta":{"om_disable_all_campaigns":false,"_jetpack_memberships_contains_paid_content":false,"footnotes":""},"categories":[50,101,2],"tags":[],"class_list":["post-10096","post","type-post","status-publish","format-standard","has-post-thumbnail","hentry","category-destacadas","category-interes-general-locales","category-locales"],"aioseo_notices":[],"gutentor_comment":0,"jetpack_featured_media_url":"https:\/\/eldiariodesanpedro.com.ar\/sitio\/wp-content\/uploads\/2016\/11\/5-1.jpg","jetpack_shortlink":"https:\/\/wp.me\/p6RhLt-2CQ","jetpack_sharing_enabled":true,"_links":{"self":[{"href":"https:\/\/eldiariodesanpedro.com.ar\/sitio\/wp-json\/wp\/v2\/posts\/10096","targetHints":{"allow":["GET"]}}],"collection":[{"href":"https:\/\/eldiariodesanpedro.com.ar\/sitio\/wp-json\/wp\/v2\/posts"}],"about":[{"href":"https:\/\/eldiariodesanpedro.com.ar\/sitio\/wp-json\/wp\/v2\/types\/post"}],"author":[{"embeddable":true,"href":"https:\/\/eldiariodesanpedro.com.ar\/sitio\/wp-json\/wp\/v2\/users\/4"}],"replies":[{"embeddable":true,"href":"https:\/\/eldiariodesanpedro.com.ar\/sitio\/wp-json\/wp\/v2\/comments?post=10096"}],"version-history":[{"count":2,"href":"https:\/\/eldiariodesanpedro.com.ar\/sitio\/wp-json\/wp\/v2\/posts\/10096\/revisions"}],"predecessor-version":[{"id":10099,"href":"https:\/\/eldiariodesanpedro.com.ar\/sitio\/wp-json\/wp\/v2\/posts\/10096\/revisions\/10099"}],"wp:featuredmedia":[{"embeddable":true,"href":"https:\/\/eldiariodesanpedro.com.ar\/sitio\/wp-json\/wp\/v2\/media\/10097"}],"wp:attachment":[{"href":"https:\/\/eldiariodesanpedro.com.ar\/sitio\/wp-json\/wp\/v2\/media?parent=10096"}],"wp:term":[{"taxonomy":"category","embeddable":true,"href":"https:\/\/eldiariodesanpedro.com.ar\/sitio\/wp-json\/wp\/v2\/categories?post=10096"},{"taxonomy":"post_tag","embeddable":true,"href":"https:\/\/eldiariodesanpedro.com.ar\/sitio\/wp-json\/wp\/v2\/tags?post=10096"}],"curies":[{"name":"wp","href":"https:\/\/api.w.org\/{rel}","templated":true}]}}