{"id":10092,"date":"2016-11-11T21:04:29","date_gmt":"2016-11-12T00:04:29","guid":{"rendered":"https:\/\/eldiariodesanpedro.com.ar\/sitio\/?p=10092"},"modified":"2016-11-11T21:14:48","modified_gmt":"2016-11-12T00:14:48","slug":"la-idea-seria-poder-inaugurar-la-clinica-los-primeros-dias-de-diciembre","status":"publish","type":"post","link":"https:\/\/eldiariodesanpedro.com.ar\/sitio\/la-idea-seria-poder-inaugurar-la-clinica-los-primeros-dias-de-diciembre\/","title":{"rendered":"\u201cLa idea ser\u00eda poder inaugurar la cl\u00ednica los primeros d\u00edas de diciembre\u201d"},"content":{"rendered":"<p><!-- VideographyWP Plugin Message: Automatic video embedding prevented by plugin options. --><br \/>\nEntrevistamos al presidente de la Coopser, Ivan Groppo, quien hace poco tiempo renov\u00f3 su mandato por un a\u00f1o m\u00e1s y ya suma 3 a\u00f1os consecutivos siendo elegido presidente. <\/p>\n<p>En la charla mantenida con \u00e9l, con respecto a la situaci\u00f3n de Cl\u00ednica San Mart\u00edn relat\u00f3: \u201cHace m\u00e1s de 6 meses que el Consejo de Administraci\u00f3n sab\u00eda lo que estaba pasando en la cl\u00ednica, que estaba a punto de cerrar, que ten\u00eda problemas para pagar los sueldos y nos pusimos a pensar por qu\u00e9 no hacerse cargo de la cl\u00ednica. Y aunque ten\u00edamos algunos integrantes del consejo en contra y otros a favor, decidimos reunirnos con cautela con algunos de los accionistas. Tuvimos marchas y contramarchas, y problemas con el cuadro tarifario de la energ\u00eda\u201d. <\/p>\n<p>En este sentido, Groppo aclar\u00f3: \u201cNo es que nosotros necesit\u00e1bamos que se produjera un aumento en el cuadro tarifario para poder comprar la cl\u00ednica, ya que son dos entidades separadas, pero la no existencia de un cuadro tarifario nos complicaba el funcionamiento de la cooperativa en la parte el\u00e9ctrica. Si no funciona la parte el\u00e9ctrica, no podr\u00edamos encarar otro proyecto\u201d. <\/p>\n<p>En relaci\u00f3n con los trabajos que se llevan a cabo para la reparaci\u00f3n del centro asistencial declar\u00f3: \u201cEstamos haciendo reformas muy grandes, no pens\u00e1bamos que iban a ser tantas, pero bueno, tenemos mucho trabajo por hacer. Son como dos o tres partes, primero el edilicio, o sea pintar, arreglar, etc. En segundo lugar, el material exclusivamente de cl\u00ednica, cosas que faltan, y reacondicionar por ejemplo las camillas, la ropa de los enfermeros y herramientas de trabajo. Por \u00faltimo, negociar con los doctores que van a ser parte del cuerpo m\u00e9dico. Por el momento no sabemos qui\u00e9n ser\u00e1 el director, pero ya tenemos en mente qui\u00e9n podr\u00eda ocupar ese lugar\u201d.<\/p>\n<p>Asimismo, Groppo tambi\u00e9n se refiri\u00f3 a la cuesti\u00f3n de las obras sociales: \u201cVamos a tratar de trabajar con todo el mundo, con todas las obras sociales posibles, porque el beneficio es para todos. Esperemos poder tener una buena predisposici\u00f3n de ambas partes para poder llegar a un acuerdo\u201d. <\/p>\n<p>Un tema delicado ha sido, desde el comienzo de la crisis de la cl\u00ednica, el mantenimiento de los puestos de trabajo. Sobre ello, el presidente de la cooperativa se\u00f1al\u00f3: \u201cSon muchas las familias que volvieron a trabajar, a pesar de que algunos empleados, en su mayor\u00eda profesionales, han decidido buscar otro lugar de trabajo y no podremos contar con ellos. Pero la gran mayor\u00eda de los empleados que estaban en la cl\u00ednica tiene su puesto de trabajo asegurado, cobraron su segundo sueldo este mes y est\u00e1n todos trabajando en estos momentos, lijando, pintando y ayudando a poner en condiciones el establecimiento. Adem\u00e1s se los est\u00e1 capacitando en sus \u00e1reas para que puedan mejorar a\u00fan m\u00e1s su trabajo. Por ejemplo, en el d\u00eda de hoy [por ayer] se est\u00e1 llevando una capacitaci\u00f3n de Seguridad e Higiene\u201d.<\/p>\n<p><strong>La apertura <\/strong><\/p>\n<p>\u201cLa idea ser\u00eda poder inaugurar los primeros d\u00edas de diciembre, aunque muchos nos dicen que no vamos a llegar y que lo vamos a hacer en los primeros d\u00edas de enero, pero yo tengo fe en que vamos a llegar a diciembre\u201d, asegur\u00f3 el presidente de la Coopser sobre la fecha de apertura del centro. <\/p>\n<p>\u201cLa mayor\u00eda de los que estamos en el Consejo somos trabajadores y sabemos lo que es quedarse sin trabajo. Sabemos la importancia que tiene un trabajo para una familia: ese es el primer punto de por qu\u00e9 decidimos esto y el segundo punto es que nuestra ciudad no se puede quedar sin una cl\u00ednica, ya que cuando \u00e9ramos 40 mil habitantes ten\u00edamos un hospital y cuatro cl\u00ednicas, y hoy que somos casi 70 mil habitantes tenemos solo un hospital y una cl\u00ednica. Lamentablemente no dan abasto, lo hemos charlado con el intendente y su equipo, y es la realidad que tiene San Pedro hoy\u201d.<\/p>\n<p>Para culminar la nota Groppo agreg\u00f3: \u201cLa cooperativa no ve como un negocio a la cl\u00ednica, ya que lo que recaude se tiene que repartir para mantener lo que est\u00e1 y para invertir en mejoras. Las cooperativas no necesitan tener ganancia\u201d.<\/p>\n","protected":false},"excerpt":{"rendered":"<p>Entrevistamos al presidente de la Coopser, Ivan Groppo, quien hace poco tiempo renov\u00f3 su mandato por un a\u00f1o m\u00e1s y ya suma 3 a\u00f1os consecutivos siendo elegido presidente. En la charla mantenida con \u00e9l, con respecto a la situaci\u00f3n de Cl\u00ednica San Mart\u00edn relat\u00f3: \u201cHace m\u00e1s de 6 meses que el Consejo de Administraci\u00f3n sab\u00eda [&hellip;]<\/p>\n","protected":false},"author":4,"featured_media":10093,"comment_status":"open","ping_status":"closed","sticky":false,"template":"","format":"standard","meta":{"om_disable_all_campaigns":false,"_jetpack_memberships_contains_paid_content":false,"footnotes":""},"categories":[50,101,2],"tags":[],"class_list":["post-10092","post","type-post","status-publish","format-standard","has-post-thumbnail","hentry","category-destacadas","category-interes-general-locales","category-locales"],"aioseo_notices":[],"gutentor_comment":0,"jetpack_featured_media_url":"https:\/\/eldiariodesanpedro.com.ar\/sitio\/wp-content\/uploads\/2016\/11\/ivan-groppo.jpg","jetpack_shortlink":"https:\/\/wp.me\/p6RhLt-2CM","jetpack_sharing_enabled":true,"_links":{"self":[{"href":"https:\/\/eldiariodesanpedro.com.ar\/sitio\/wp-json\/wp\/v2\/posts\/10092","targetHints":{"allow":["GET"]}}],"collection":[{"href":"https:\/\/eldiariodesanpedro.com.ar\/sitio\/wp-json\/wp\/v2\/posts"}],"about":[{"href":"https:\/\/eldiariodesanpedro.com.ar\/sitio\/wp-json\/wp\/v2\/types\/post"}],"author":[{"embeddable":true,"href":"https:\/\/eldiariodesanpedro.com.ar\/sitio\/wp-json\/wp\/v2\/users\/4"}],"replies":[{"embeddable":true,"href":"https:\/\/eldiariodesanpedro.com.ar\/sitio\/wp-json\/wp\/v2\/comments?post=10092"}],"version-history":[{"count":1,"href":"https:\/\/eldiariodesanpedro.com.ar\/sitio\/wp-json\/wp\/v2\/posts\/10092\/revisions"}],"predecessor-version":[{"id":10094,"href":"https:\/\/eldiariodesanpedro.com.ar\/sitio\/wp-json\/wp\/v2\/posts\/10092\/revisions\/10094"}],"wp:featuredmedia":[{"embeddable":true,"href":"https:\/\/eldiariodesanpedro.com.ar\/sitio\/wp-json\/wp\/v2\/media\/10093"}],"wp:attachment":[{"href":"https:\/\/eldiariodesanpedro.com.ar\/sitio\/wp-json\/wp\/v2\/media?parent=10092"}],"wp:term":[{"taxonomy":"category","embeddable":true,"href":"https:\/\/eldiariodesanpedro.com.ar\/sitio\/wp-json\/wp\/v2\/categories?post=10092"},{"taxonomy":"post_tag","embeddable":true,"href":"https:\/\/eldiariodesanpedro.com.ar\/sitio\/wp-json\/wp\/v2\/tags?post=10092"}],"curies":[{"name":"wp","href":"https:\/\/api.w.org\/{rel}","templated":true}]}}