{"id":10086,"date":"2016-11-11T20:12:26","date_gmt":"2016-11-11T23:12:26","guid":{"rendered":"https:\/\/eldiariodesanpedro.com.ar\/sitio\/?p=10086"},"modified":"2026-01-24T00:32:25","modified_gmt":"2026-01-24T03:32:25","slug":"canotaje-se-disputo-la-5a-edicion-de-la-regata-de-la-soberania","status":"publish","type":"post","link":"https:\/\/eldiariodesanpedro.com.ar\/sitio\/canotaje-se-disputo-la-5a-edicion-de-la-regata-de-la-soberania\/","title":{"rendered":"CANOTAJE: Se disput\u00f3 la 5\u00aa edici\u00f3n de la Regata de la Soberan\u00eda"},"content":{"rendered":"<p><!-- VideographyWP Plugin Message: Automatic video embedding prevented by plugin options. --><br \/>\nEn aguas del riacho, frente al Paseo P\u00fablico municipal y el exbalneario, se llev\u00f3 a cabo la quinta edici\u00f3n de la Regata de la Soberan\u00eda, fiscalizada por la Federaci\u00f3n Provincial  y organizada por Canotaje y N\u00e1utica El Ribere\u00f1o con presencia de 12 clubes de la Provincia, m\u00e1s Pescadores de San Pedro. En total, 120 palistas en el agua. <\/p>\n<p><strong>Los resultados de los chicos de Canotaje y N\u00e1utica El Ribere\u00f1o:<\/strong><\/p>\n<p>4,30- Menor Martin Bustos 5\u00ba<br \/>\n4,30- Cadete Eduardo C\u00e1ceres 7\u00ba<br \/>\n4,30- Juniors Mariano Colisinio 3\u00ba<br \/>\nk2- Seniors Braian Frangi y Joel Peluchon 3\u00ba<br \/>\nk2- Seniors Franco Ribero y Agustin Lomana 4\u00ba<br \/>\n4,30- Cadetes Veronica Franco 5\u00ba<br \/>\n4,30- Seniors Braian Frangi 3\u00ba<br \/>\nResultados de Pescadores<br \/>\nMenores k2: Thom\u00e1s Araldi y Valent\u00edn Calegari, 3\u00b0.<br \/>\nMenores:  6\u00b0 Thom\u00e1s Araldi;  7\u00b0 Valent\u00edn Calegari;  12\u00b0 Axel Colicinio.<br \/>\nCadetes: 5\u00b0  Lucas Garc\u00eda y 8\u00b0 Juan Frangi.<\/p>\n<p><a href=\"https:\/\/eldiariodesanpedro.com.ar\/sitio\/wp-content\/uploads\/2016\/11\/FOTO-2-12-11-16.jpg\"><img decoding=\"async\" data-attachment-id=\"10089\" data-permalink=\"https:\/\/eldiariodesanpedro.com.ar\/sitio\/canotaje-se-disputo-la-5a-edicion-de-la-regata-de-la-soberania\/foto-2-12-11-16\/\" data-orig-file=\"https:\/\/eldiariodesanpedro.com.ar\/sitio\/wp-content\/uploads\/2016\/11\/FOTO-2-12-11-16.jpg\" data-orig-size=\"454,224\" data-comments-opened=\"1\" data-image-meta=\"{&quot;aperture&quot;:&quot;0&quot;,&quot;credit&quot;:&quot;Picasa&quot;,&quot;camera&quot;:&quot;&quot;,&quot;caption&quot;:&quot;&quot;,&quot;created_timestamp&quot;:&quot;1478897455&quot;,&quot;copyright&quot;:&quot;&quot;,&quot;focal_length&quot;:&quot;0&quot;,&quot;iso&quot;:&quot;0&quot;,&quot;shutter_speed&quot;:&quot;0&quot;,&quot;title&quot;:&quot;&quot;,&quot;orientation&quot;:&quot;0&quot;}\" data-image-title=\"foto-2-12-11-16\" data-image-description=\"\" data-image-caption=\"\" data-large-file=\"https:\/\/eldiariodesanpedro.com.ar\/sitio\/wp-content\/uploads\/2016\/11\/FOTO-2-12-11-16.jpg\" data-src=\"https:\/\/eldiariodesanpedro.com.ar\/sitio\/wp-content\/uploads\/2016\/11\/FOTO-2-12-11-16-300x148.jpg\" alt=\"foto-2-12-11-16\" width=\"300\" height=\"148\" class=\"alignnone size-medium wp-image-10089 lazyload\" data-srcset=\"https:\/\/eldiariodesanpedro.com.ar\/sitio\/wp-content\/uploads\/2016\/11\/FOTO-2-12-11-16-300x148.jpg 300w, https:\/\/eldiariodesanpedro.com.ar\/sitio\/wp-content\/uploads\/2016\/11\/FOTO-2-12-11-16.jpg 454w\" data-sizes=\"(max-width: 300px) 100vw, 300px\" src=\"data:image\/svg+xml;base64,PHN2ZyB3aWR0aD0iMSIgaGVpZ2h0PSIxIiB4bWxucz0iaHR0cDovL3d3dy53My5vcmcvMjAwMC9zdmciPjwvc3ZnPg==\" style=\"--smush-placeholder-width: 300px; --smush-placeholder-aspect-ratio: 300\/148;\" \/><\/a><\/p>\n","protected":false},"excerpt":{"rendered":"<p>En aguas del riacho, frente al Paseo P\u00fablico municipal y el exbalneario, se llev\u00f3 a cabo la quinta edici\u00f3n de la Regata de la Soberan\u00eda, fiscalizada por la Federaci\u00f3n Provincial y organizada por Canotaje y N\u00e1utica El Ribere\u00f1o con presencia de 12 clubes de la Provincia, m\u00e1s Pescadores de San Pedro. En total, 120 palistas [&hellip;]<\/p>\n","protected":false},"author":4,"featured_media":10088,"comment_status":"open","ping_status":"closed","sticky":false,"template":"","format":"standard","meta":{"om_disable_all_campaigns":false,"_jetpack_memberships_contains_paid_content":false,"footnotes":""},"categories":[5],"tags":[],"class_list":["post-10086","post","type-post","status-publish","format-standard","has-post-thumbnail","hentry","category-deportes"],"aioseo_notices":[],"gutentor_comment":0,"jetpack_featured_media_url":"https:\/\/eldiariodesanpedro.com.ar\/sitio\/wp-content\/uploads\/2016\/11\/FOTO-1-12-11-16.jpg","jetpack_shortlink":"https:\/\/wp.me\/p6RhLt-2CG","jetpack_sharing_enabled":true,"_links":{"self":[{"href":"https:\/\/eldiariodesanpedro.com.ar\/sitio\/wp-json\/wp\/v2\/posts\/10086","targetHints":{"allow":["GET"]}}],"collection":[{"href":"https:\/\/eldiariodesanpedro.com.ar\/sitio\/wp-json\/wp\/v2\/posts"}],"about":[{"href":"https:\/\/eldiariodesanpedro.com.ar\/sitio\/wp-json\/wp\/v2\/types\/post"}],"author":[{"embeddable":true,"href":"https:\/\/eldiariodesanpedro.com.ar\/sitio\/wp-json\/wp\/v2\/users\/4"}],"replies":[{"embeddable":true,"href":"https:\/\/eldiariodesanpedro.com.ar\/sitio\/wp-json\/wp\/v2\/comments?post=10086"}],"version-history":[{"count":1,"href":"https:\/\/eldiariodesanpedro.com.ar\/sitio\/wp-json\/wp\/v2\/posts\/10086\/revisions"}],"predecessor-version":[{"id":10090,"href":"https:\/\/eldiariodesanpedro.com.ar\/sitio\/wp-json\/wp\/v2\/posts\/10086\/revisions\/10090"}],"wp:featuredmedia":[{"embeddable":true,"href":"https:\/\/eldiariodesanpedro.com.ar\/sitio\/wp-json\/wp\/v2\/media\/10088"}],"wp:attachment":[{"href":"https:\/\/eldiariodesanpedro.com.ar\/sitio\/wp-json\/wp\/v2\/media?parent=10086"}],"wp:term":[{"taxonomy":"category","embeddable":true,"href":"https:\/\/eldiariodesanpedro.com.ar\/sitio\/wp-json\/wp\/v2\/categories?post=10086"},{"taxonomy":"post_tag","embeddable":true,"href":"https:\/\/eldiariodesanpedro.com.ar\/sitio\/wp-json\/wp\/v2\/tags?post=10086"}],"curies":[{"name":"wp","href":"https:\/\/api.w.org\/{rel}","templated":true}]}}