{"id":10084,"date":"2016-11-11T20:08:36","date_gmt":"2016-11-11T23:08:36","guid":{"rendered":"https:\/\/eldiariodesanpedro.com.ar\/sitio\/?p=10084"},"modified":"2026-01-24T00:32:25","modified_gmt":"2026-01-24T03:32:25","slug":"futbol-local-la-liga-comienza-a-definir-el-clausura","status":"publish","type":"post","link":"https:\/\/eldiariodesanpedro.com.ar\/sitio\/futbol-local-la-liga-comienza-a-definir-el-clausura\/","title":{"rendered":"F\u00daTBOL LOCAL: La Liga comienza a definir el Clausura"},"content":{"rendered":"<p><!-- VideographyWP Plugin Message: Automatic video embedding prevented by plugin options. --><br \/>\nIntensa actividad para el f\u00fatbol liguista con los octavos de final de primera, segunda y sexta y semifinales (ida) para intermedias, quinta, cuarta y tercera divisi\u00f3n.<\/p>\n<p><strong>Partidos, canchas y horarios<\/strong><\/p>\n<p><strong>S\u00e1bado 12 <\/strong><\/p>\n<p>Cancha: Atl\u00e9tico Baradero<br \/>\n14.45 &#8211; 6\u00ba- Atl\u00e9tico vs Rivadavia<br \/>\n16.00 &#8211; 5\u00ba- Atl\u00e9tico vs Paran\u00e1 FC<br \/>\n17.30 &#8211; 4\u00ba- Atl\u00e9tico vs Mitre<br \/>\n19.00 &#8211; 1\u00ba- Atl\u00e9tico vs San Roque FC<\/p>\n<p>Cancha: Gral. San Mart\u00edn<br \/>\n17.30 &#8211; 2\u00ba- G. San Mart\u00edn vs Alsina<\/p>\n<p>Cancha: Estadio Municipal<br \/>\n12.30 &#8211; 5\u00ba- Mitre vs Independencia FC<br \/>\n14.00 &#8211; 3\u00ba- Mitre vs G. San Mart\u00edn<\/p>\n<p>Cancha: Independencia FCy<br \/>\n15.30 &#8211; 3\u00ba- Independencia FC vs La Esperanza<\/p>\n<p>Cancha: Paran\u00e1 FC<br \/>\n18.15 &#8211; 4\u00ba- Paran\u00e1 FC vs Independencia FC<\/p>\n<p><strong>Domingo 13 <\/strong><\/p>\n<p>Cancha: La Esperanza<br \/>\n16.00 &#8211; 6\u00ba- La Esperanza vs G. San Mart\u00edn<br \/>\n17.15 &#8211; 1\u00ba- La Esperanza vs G. San Mart\u00edn<\/p>\n<p>Cancha: Sportivo<br \/>\n13.00 &#8211; 2\u00ba- Fundici\u00f3n FC vs Mitre<\/p>\n<p>Cancha: Defensores Unidos<br \/>\n15.00 &#8211; 2\u00ba- Def. Unidos vs Las Palmeras<br \/>\n17.00 &#8211; 1\u00ba- Def. Unidos vs Las Palmeras<\/p>\n<p>Cancha: Independencia FC<br \/>\n12.30 &#8211; 6\u00ba- Las Palmeras vs Paran\u00e1 FC<br \/>\n14.00 &#8211; 6\u00ba- San Roque FC vs Banfield<br \/>\n16.30 &#8211; 1\u00ba- Am\u00e9rica vs Mitre<\/p>\n<p>Cancha: Rivadavia<br \/>\n17.00  2\u00ba- Rivadavia vs Atl\u00e9tico<\/p>\n<p><strong>Clasificados a cuartos de final<\/strong><\/p>\n<p>Primera<br \/>\nAlsina, Sportivo, Agricultores y Banfield<\/p>\n<p>Segunda<br \/>\nClasificados a cuartos de final:<br \/>\nParan\u00e1 FC, Banfield, San Roque y Sportivo<\/p>\n<p>Sexta<br \/>\nClasificados a cuartos de final:<br \/>\nMitre, Sportivo, Agricultores e Independencia FC<\/p>\n<p>Cuartos de final:<br \/>\nPartido 5: 1\u00ba A (Alsina) vs ganador partido 4<br \/>\nPartido 6: 2\u00ba A (Agricultores) vs ganador partido 3<br \/>\nPartido 7: 1\u00ba B (Sportivo) vs ganador partido 2<br \/>\nPartido 8: 2\u00ba B (Banfield) vs ganador partido 1 <\/p>\n","protected":false},"excerpt":{"rendered":"<p>Intensa actividad para el f\u00fatbol liguista con los octavos de final de primera, segunda y sexta y semifinales (ida) para intermedias, quinta, cuarta y tercera divisi\u00f3n. Partidos, canchas y horarios S\u00e1bado 12 Cancha: Atl\u00e9tico Baradero 14.45 &#8211; 6\u00ba- Atl\u00e9tico vs Rivadavia 16.00 &#8211; 5\u00ba- Atl\u00e9tico vs Paran\u00e1 FC 17.30 &#8211; 4\u00ba- Atl\u00e9tico vs Mitre 19.00 [&hellip;]<\/p>\n","protected":false},"author":4,"featured_media":4243,"comment_status":"open","ping_status":"closed","sticky":false,"template":"","format":"standard","meta":{"om_disable_all_campaigns":false,"_jetpack_memberships_contains_paid_content":false,"footnotes":""},"categories":[5],"tags":[],"class_list":["post-10084","post","type-post","status-publish","format-standard","has-post-thumbnail","hentry","category-deportes"],"aioseo_notices":[],"gutentor_comment":0,"jetpack_featured_media_url":"https:\/\/eldiariodesanpedro.com.ar\/sitio\/wp-content\/uploads\/2016\/05\/FOTO-1-14-05-16-ligas.jpg","jetpack_shortlink":"https:\/\/wp.me\/p6RhLt-2CE","jetpack_sharing_enabled":true,"_links":{"self":[{"href":"https:\/\/eldiariodesanpedro.com.ar\/sitio\/wp-json\/wp\/v2\/posts\/10084","targetHints":{"allow":["GET"]}}],"collection":[{"href":"https:\/\/eldiariodesanpedro.com.ar\/sitio\/wp-json\/wp\/v2\/posts"}],"about":[{"href":"https:\/\/eldiariodesanpedro.com.ar\/sitio\/wp-json\/wp\/v2\/types\/post"}],"author":[{"embeddable":true,"href":"https:\/\/eldiariodesanpedro.com.ar\/sitio\/wp-json\/wp\/v2\/users\/4"}],"replies":[{"embeddable":true,"href":"https:\/\/eldiariodesanpedro.com.ar\/sitio\/wp-json\/wp\/v2\/comments?post=10084"}],"version-history":[{"count":1,"href":"https:\/\/eldiariodesanpedro.com.ar\/sitio\/wp-json\/wp\/v2\/posts\/10084\/revisions"}],"predecessor-version":[{"id":10085,"href":"https:\/\/eldiariodesanpedro.com.ar\/sitio\/wp-json\/wp\/v2\/posts\/10084\/revisions\/10085"}],"wp:featuredmedia":[{"embeddable":true,"href":"https:\/\/eldiariodesanpedro.com.ar\/sitio\/wp-json\/wp\/v2\/media\/4243"}],"wp:attachment":[{"href":"https:\/\/eldiariodesanpedro.com.ar\/sitio\/wp-json\/wp\/v2\/media?parent=10084"}],"wp:term":[{"taxonomy":"category","embeddable":true,"href":"https:\/\/eldiariodesanpedro.com.ar\/sitio\/wp-json\/wp\/v2\/categories?post=10084"},{"taxonomy":"post_tag","embeddable":true,"href":"https:\/\/eldiariodesanpedro.com.ar\/sitio\/wp-json\/wp\/v2\/tags?post=10084"}],"curies":[{"name":"wp","href":"https:\/\/api.w.org\/{rel}","templated":true}]}}