{"id":10080,"date":"2016-11-11T19:22:14","date_gmt":"2016-11-11T22:22:14","guid":{"rendered":"https:\/\/eldiariodesanpedro.com.ar\/sitio\/?p=10080"},"modified":"2016-11-11T19:22:14","modified_gmt":"2016-11-11T22:22:14","slug":"en-zarate-tambien-protestaron-contra-las-carreras-de-galgos","status":"publish","type":"post","link":"https:\/\/eldiariodesanpedro.com.ar\/sitio\/en-zarate-tambien-protestaron-contra-las-carreras-de-galgos\/","title":{"rendered":"En Z\u00e1rate tambi\u00e9n protestaron contra las carreras de galgos"},"content":{"rendered":"<p><!-- VideographyWP Plugin Message: Automatic video embedding prevented by plugin options. --><br \/>\nEste mi\u00e9rcoles por la tarde, proteccionistas y vecinos se nuclearon en plaza Mitre de Z\u00e1rate, en defensa de los perros galgos y reclamando por el tratamiento en Diputados del Proyecto de Ley, ya aprobado en comisiones, de la prohibici\u00f3n de las carreras con estos animales.<\/p>\n<p>\u201cLos galgos se mueren todos los d\u00edas, no pueden esperar m\u00e1s una ley; mientras tanto, los pol\u00edticos se manifiestan en las redes sociales a favor de la prohibici\u00f3n pero queda solo en una cuesti\u00f3n cibern\u00e9tica. Queremos hechos concretos\u201d, remarcaron los organizadores del encuentro y acotaron que \u201cdesde Z\u00e1rate nos sumamos al abrazo al Congreso. Exigimos que se ponga en la agenda parlamentaria la prohibici\u00f3n de carreras de galgo en el pa\u00eds\u201d.<\/p>\n<p>Portando carteles y acompa\u00f1ados de sus perros, los proteccionistas se encargaron de informar a los transe\u00fantes sobre la necesidad de la aprobaci\u00f3n de esta normativa.<\/p>\n<p>\u201cNosotros estamos al pie de los flaquitos, sin aflojar. Exijamos que voten la ley y llamemos a cada uno de los legisladores mediante el tel\u00e9fono que figura en la p\u00e1gina web de la c\u00e1mara de diputados. No sumamos a esta lucha e invitamos a todos a participar de esta cruzada. Necesitamos la ley para terminar con el maltrato\u201d, afirmaron.<\/p>\n<p>El proyecto ya obtuvo el martes dictamen de la comisi\u00f3n de Legislaci\u00f3n General de la C\u00e1mara de Diputados y pas\u00f3 a Diputados para su tratamiento y promulgaci\u00f3n.<\/p>\n","protected":false},"excerpt":{"rendered":"<p>Este mi\u00e9rcoles por la tarde, proteccionistas y vecinos se nuclearon en plaza Mitre de Z\u00e1rate, en defensa de los perros galgos y reclamando por el tratamiento en Diputados del Proyecto de Ley, ya aprobado en comisiones, de la prohibici\u00f3n de las carreras con estos animales. \u201cLos galgos se mueren todos los d\u00edas, no pueden esperar [&hellip;]<\/p>\n","protected":false},"author":4,"featured_media":6589,"comment_status":"open","ping_status":"closed","sticky":false,"template":"","format":"standard","meta":{"om_disable_all_campaigns":false,"_jetpack_memberships_contains_paid_content":false,"footnotes":""},"categories":[621],"tags":[],"class_list":["post-10080","post","type-post","status-publish","format-standard","has-post-thumbnail","hentry","category-regionales"],"aioseo_notices":[],"gutentor_comment":0,"jetpack_featured_media_url":"https:\/\/eldiariodesanpedro.com.ar\/sitio\/wp-content\/uploads\/2016\/07\/galgos-1.jpg","jetpack_shortlink":"https:\/\/wp.me\/p6RhLt-2CA","jetpack_sharing_enabled":true,"_links":{"self":[{"href":"https:\/\/eldiariodesanpedro.com.ar\/sitio\/wp-json\/wp\/v2\/posts\/10080","targetHints":{"allow":["GET"]}}],"collection":[{"href":"https:\/\/eldiariodesanpedro.com.ar\/sitio\/wp-json\/wp\/v2\/posts"}],"about":[{"href":"https:\/\/eldiariodesanpedro.com.ar\/sitio\/wp-json\/wp\/v2\/types\/post"}],"author":[{"embeddable":true,"href":"https:\/\/eldiariodesanpedro.com.ar\/sitio\/wp-json\/wp\/v2\/users\/4"}],"replies":[{"embeddable":true,"href":"https:\/\/eldiariodesanpedro.com.ar\/sitio\/wp-json\/wp\/v2\/comments?post=10080"}],"version-history":[{"count":1,"href":"https:\/\/eldiariodesanpedro.com.ar\/sitio\/wp-json\/wp\/v2\/posts\/10080\/revisions"}],"predecessor-version":[{"id":10081,"href":"https:\/\/eldiariodesanpedro.com.ar\/sitio\/wp-json\/wp\/v2\/posts\/10080\/revisions\/10081"}],"wp:featuredmedia":[{"embeddable":true,"href":"https:\/\/eldiariodesanpedro.com.ar\/sitio\/wp-json\/wp\/v2\/media\/6589"}],"wp:attachment":[{"href":"https:\/\/eldiariodesanpedro.com.ar\/sitio\/wp-json\/wp\/v2\/media?parent=10080"}],"wp:term":[{"taxonomy":"category","embeddable":true,"href":"https:\/\/eldiariodesanpedro.com.ar\/sitio\/wp-json\/wp\/v2\/categories?post=10080"},{"taxonomy":"post_tag","embeddable":true,"href":"https:\/\/eldiariodesanpedro.com.ar\/sitio\/wp-json\/wp\/v2\/tags?post=10080"}],"curies":[{"name":"wp","href":"https:\/\/api.w.org\/{rel}","templated":true}]}}