{"id":10076,"date":"2016-11-11T19:20:23","date_gmt":"2016-11-11T22:20:23","guid":{"rendered":"https:\/\/eldiariodesanpedro.com.ar\/sitio\/?p=10076"},"modified":"2016-11-11T19:20:23","modified_gmt":"2016-11-11T22:20:23","slug":"maria-eugenia-vidal-visito-los-partidos-bonaerenses-de-colon-salto-y-capitan-sarmiento","status":"publish","type":"post","link":"https:\/\/eldiariodesanpedro.com.ar\/sitio\/maria-eugenia-vidal-visito-los-partidos-bonaerenses-de-colon-salto-y-capitan-sarmiento\/","title":{"rendered":"Mar\u00eda Eugenia Vidal visit\u00f3 los partidos bonaerenses de Col\u00f3n, Salto y Capit\u00e1n Sarmiento"},"content":{"rendered":"<p><!-- VideographyWP Plugin Message: Automatic video embedding prevented by plugin options. --><br \/>\nLa gobernadora de la provincia de Buenos Aires, Mar\u00eda Eugenia Vidal, visit\u00f3 el d\u00eda de hoy los partidos de Col\u00f3n, Salto y Capit\u00e1n Sarmiento, en el marco de sus recorridas semanales por los distintos distritos bonaerenses.<\/p>\n<p>Acompa\u00f1ada por el asesor ad honorem en Capital Mental, Facundo Manes, Vidal aprovech\u00f3 la recorrida por los distritos del norte bonaerense para entregar una nueva ambulancia a cada uno. <\/p>\n<p>Al asistir primero a una f\u00e1brica textil de Col\u00f3n, junto al intendente local Ricardo Casi, la gobernadora indic\u00f3 en declaraciones a la prensa que \u00abhay 700 personas que hoy trabajan en este lugar y queremos que sigan creciendo. Este a\u00f1o han invertido m\u00e1s con apoyo del Banco Provincia. Si ellos crecen, crece el trabajo y las ciudades\u00bb.<\/p>\n<p>Remarc\u00f3, asimismo, que \u00abpuedo decir con orgullo que cada ciudad de la Provincia tiene obras, hay m\u00e1s de 800 en marcha. Tambi\u00e9n puedo decir que no ha habido diferencias por el color pol\u00edtico: todos los intendentes, del Frente para la Victoria, el Frente Renovador o Cambiemos, han recibido apoyo para hacer obras en sus distritos\u00bb.<\/p>\n<p>Luego, Vidal visit\u00f3 la sede del Programa de Responsabilidad Social Compartida Envi\u00f3n de la ciudad de Salto, con el intendente Ricardo Alessandro.<\/p>\n<p>\u00abEl intendente ha puesto en valor este lugar con fondos de la Provincia. Cincuenta chicos tienen la oportunidad de aprender m\u00fasica, teatro, cocina, dibujo. Tienen un lugar que les pertenece\u00bb, celebr\u00f3.<\/p>\n<p>Finalmente, en Capit\u00e1n Sarmiento, Vidal recorri\u00f3 el taller protegido de producci\u00f3n municipal \u00abAmor y Fe\u00bb con el intendente local Oscar Ostoich.<\/p>\n<p>\u00abHoy recorrimos tres municipios gobernados por el Frente para la Victoria. La verdad es que nos recibieron muy bien, trabajamos en conjunto con el Fondo de Infraestructura. Es un trabajo de conjunto: la gente ya eligi\u00f3, nos quiere ver trabajando juntos, no discutiendo\u00bb, explic\u00f3 Vidal durante la recorrida.<\/p>\n<p>En lo que va del a\u00f1o, y durante los once meses de gesti\u00f3n, la gobernadora de la provincia de Buenos Aires visit\u00f3 102 distritos y espera recorrer los 135 antes de fin de a\u00f1o. En la \u00faltima semana estuvo en Bah\u00eda Blanca, Coronel Dorrego y Coronel Pringles.<\/p>\n<p>Adem\u00e1s Vidal recorri\u00f3, en el \u00faltimo tiempo, otras plantas productivas del interior bonaerense, como una f\u00e1brica de bater\u00edas de Ayacucho, una f\u00e1brica de papas fritas de Balcarce y la f\u00e1brica de gaseosas Manaos en La Matanza.  <\/p>\n<p>En materia social, la gobernadora tambi\u00e9n visit\u00f3, durante sus recorridas semanales, el jard\u00edn maternal \u00abRayito de luz\u00bb de Salliquel\u00f3, la Casa de la Mujer v\u00edctimas de violencia de g\u00e9nero en Olavarr\u00eda, la escuela de oficios de General Rodr\u00edguez, entre otros.<\/p>\n","protected":false},"excerpt":{"rendered":"<p>La gobernadora de la provincia de Buenos Aires, Mar\u00eda Eugenia Vidal, visit\u00f3 el d\u00eda de hoy los partidos de Col\u00f3n, Salto y Capit\u00e1n Sarmiento, en el marco de sus recorridas semanales por los distintos distritos bonaerenses. Acompa\u00f1ada por el asesor ad honorem en Capital Mental, Facundo Manes, Vidal aprovech\u00f3 la recorrida por los distritos del [&hellip;]<\/p>\n","protected":false},"author":4,"featured_media":10077,"comment_status":"open","ping_status":"closed","sticky":false,"template":"","format":"standard","meta":{"om_disable_all_campaigns":false,"_jetpack_memberships_contains_paid_content":false,"footnotes":""},"categories":[621],"tags":[],"class_list":["post-10076","post","type-post","status-publish","format-standard","has-post-thumbnail","hentry","category-regionales"],"aioseo_notices":[],"gutentor_comment":0,"jetpack_featured_media_url":"https:\/\/eldiariodesanpedro.com.ar\/sitio\/wp-content\/uploads\/2016\/11\/PAGINA-6-5.jpg","jetpack_shortlink":"https:\/\/wp.me\/p6RhLt-2Cw","jetpack_sharing_enabled":true,"_links":{"self":[{"href":"https:\/\/eldiariodesanpedro.com.ar\/sitio\/wp-json\/wp\/v2\/posts\/10076","targetHints":{"allow":["GET"]}}],"collection":[{"href":"https:\/\/eldiariodesanpedro.com.ar\/sitio\/wp-json\/wp\/v2\/posts"}],"about":[{"href":"https:\/\/eldiariodesanpedro.com.ar\/sitio\/wp-json\/wp\/v2\/types\/post"}],"author":[{"embeddable":true,"href":"https:\/\/eldiariodesanpedro.com.ar\/sitio\/wp-json\/wp\/v2\/users\/4"}],"replies":[{"embeddable":true,"href":"https:\/\/eldiariodesanpedro.com.ar\/sitio\/wp-json\/wp\/v2\/comments?post=10076"}],"version-history":[{"count":2,"href":"https:\/\/eldiariodesanpedro.com.ar\/sitio\/wp-json\/wp\/v2\/posts\/10076\/revisions"}],"predecessor-version":[{"id":10079,"href":"https:\/\/eldiariodesanpedro.com.ar\/sitio\/wp-json\/wp\/v2\/posts\/10076\/revisions\/10079"}],"wp:featuredmedia":[{"embeddable":true,"href":"https:\/\/eldiariodesanpedro.com.ar\/sitio\/wp-json\/wp\/v2\/media\/10077"}],"wp:attachment":[{"href":"https:\/\/eldiariodesanpedro.com.ar\/sitio\/wp-json\/wp\/v2\/media?parent=10076"}],"wp:term":[{"taxonomy":"category","embeddable":true,"href":"https:\/\/eldiariodesanpedro.com.ar\/sitio\/wp-json\/wp\/v2\/categories?post=10076"},{"taxonomy":"post_tag","embeddable":true,"href":"https:\/\/eldiariodesanpedro.com.ar\/sitio\/wp-json\/wp\/v2\/tags?post=10076"}],"curies":[{"name":"wp","href":"https:\/\/api.w.org\/{rel}","templated":true}]}}