{"id":10069,"date":"2016-11-11T19:10:12","date_gmt":"2016-11-11T22:10:12","guid":{"rendered":"https:\/\/eldiariodesanpedro.com.ar\/sitio\/?p=10069"},"modified":"2016-11-11T19:11:00","modified_gmt":"2016-11-11T22:11:00","slug":"se-llevo-a-cabo-la-expoeducativa","status":"publish","type":"post","link":"https:\/\/eldiariodesanpedro.com.ar\/sitio\/se-llevo-a-cabo-la-expoeducativa\/","title":{"rendered":"Se llev\u00f3 a cabo la Expoeducativa"},"content":{"rendered":"<p><!-- VideographyWP Plugin Message: Automatic video embedding prevented by plugin options. --><br \/>\nEl evento estuvo destinado especialmente a los alumnos de sexto de primaria y tercero de secundaria, y se llev\u00f3 a cabo en la Plaza Belgrano. Sin embargo, estuvo abierto a toda la comunidad y el objetivo fue que los interesados puedan conocer todas las orientaciones de las escuelas secundarias del distrito de San Pedro.<\/p>\n<p>\u201cCon mi equipo, con Eleonora (Taurizano, jefa distrital de Educaci\u00f3n) tenemos muy claro que la educaci\u00f3n es la base de todo. Es el comienzo de todo lo que podamos hacer en el pa\u00eds, la provincia de Buenos Aires y San Pedro\u201d, sostuvo el intendente Salazar mientras recorr\u00eda los puestos de las diferentes escuelas. Y en ese sentido agreg\u00f3: \u201cPor eso hemos hecho tanto hincapi\u00e9 en recuperar las escuelas, para que los chicos tengan un lugar c\u00f3modo para ir a estudiar\u201d.<\/p>\n<p>Por su parte Taurizano, sostuvo: \u201cHoy es una fiesta para la Escuela Secundaria porque que puedan terminar la secundaria pudiendo demostrar la orientaci\u00f3n de su escuela y los trabajos que han realizado es maravilloso. Recorr\u00ed todos los stands y habl\u00e9 con los directores y los felicit\u00e9. Porque esto se hizo con las ganas de ellos de querer mostrar. No fue por obligaci\u00f3n, ni por imposici\u00f3n, sino que fue una iniciativa de ellos y felicit\u00f3 el trabajo que han realizado\u201d.<\/p>\n<p>Y se\u00f1al\u00f3 luego: \u201cYo le dec\u00eda a un director: esto no tiene que adue\u00f1\u00e1rselo nadie porque no es de una gesti\u00f3n, es de la escuela secundaria y tiene que seguir a lo largo del tiempo\u201d.<\/p>\n","protected":false},"excerpt":{"rendered":"<p>El evento estuvo destinado especialmente a los alumnos de sexto de primaria y tercero de secundaria, y se llev\u00f3 a cabo en la Plaza Belgrano. Sin embargo, estuvo abierto a toda la comunidad y el objetivo fue que los interesados puedan conocer todas las orientaciones de las escuelas secundarias del distrito de San Pedro. \u201cCon [&hellip;]<\/p>\n","protected":false},"author":4,"featured_media":10070,"comment_status":"open","ping_status":"closed","sticky":false,"template":"","format":"standard","meta":{"om_disable_all_campaigns":false,"_jetpack_memberships_contains_paid_content":false,"footnotes":""},"categories":[50,101,2],"tags":[],"class_list":["post-10069","post","type-post","status-publish","format-standard","has-post-thumbnail","hentry","category-destacadas","category-interes-general-locales","category-locales"],"aioseo_notices":[],"gutentor_comment":0,"jetpack_featured_media_url":"https:\/\/eldiariodesanpedro.com.ar\/sitio\/wp-content\/uploads\/2016\/11\/PAGINA-4-4.jpg","jetpack_shortlink":"https:\/\/wp.me\/p6RhLt-2Cp","jetpack_sharing_enabled":true,"_links":{"self":[{"href":"https:\/\/eldiariodesanpedro.com.ar\/sitio\/wp-json\/wp\/v2\/posts\/10069","targetHints":{"allow":["GET"]}}],"collection":[{"href":"https:\/\/eldiariodesanpedro.com.ar\/sitio\/wp-json\/wp\/v2\/posts"}],"about":[{"href":"https:\/\/eldiariodesanpedro.com.ar\/sitio\/wp-json\/wp\/v2\/types\/post"}],"author":[{"embeddable":true,"href":"https:\/\/eldiariodesanpedro.com.ar\/sitio\/wp-json\/wp\/v2\/users\/4"}],"replies":[{"embeddable":true,"href":"https:\/\/eldiariodesanpedro.com.ar\/sitio\/wp-json\/wp\/v2\/comments?post=10069"}],"version-history":[{"count":1,"href":"https:\/\/eldiariodesanpedro.com.ar\/sitio\/wp-json\/wp\/v2\/posts\/10069\/revisions"}],"predecessor-version":[{"id":10071,"href":"https:\/\/eldiariodesanpedro.com.ar\/sitio\/wp-json\/wp\/v2\/posts\/10069\/revisions\/10071"}],"wp:featuredmedia":[{"embeddable":true,"href":"https:\/\/eldiariodesanpedro.com.ar\/sitio\/wp-json\/wp\/v2\/media\/10070"}],"wp:attachment":[{"href":"https:\/\/eldiariodesanpedro.com.ar\/sitio\/wp-json\/wp\/v2\/media?parent=10069"}],"wp:term":[{"taxonomy":"category","embeddable":true,"href":"https:\/\/eldiariodesanpedro.com.ar\/sitio\/wp-json\/wp\/v2\/categories?post=10069"},{"taxonomy":"post_tag","embeddable":true,"href":"https:\/\/eldiariodesanpedro.com.ar\/sitio\/wp-json\/wp\/v2\/tags?post=10069"}],"curies":[{"name":"wp","href":"https:\/\/api.w.org\/{rel}","templated":true}]}}