{"id":10064,"date":"2016-11-11T18:43:36","date_gmt":"2016-11-11T21:43:36","guid":{"rendered":"https:\/\/eldiariodesanpedro.com.ar\/sitio\/?p=10064"},"modified":"2016-11-11T18:43:36","modified_gmt":"2016-11-11T21:43:36","slug":"un-motociclista-coreano-manejaba-alcoholizado","status":"publish","type":"post","link":"https:\/\/eldiariodesanpedro.com.ar\/sitio\/un-motociclista-coreano-manejaba-alcoholizado\/","title":{"rendered":"Un motociclista coreano manejaba alcoholizado"},"content":{"rendered":"<p><!-- VideographyWP Plugin Message: Automatic video embedding prevented by plugin options. --><br \/>\nUn hombre de nacionalidad coreana protagoniz\u00f3 varios hechos hasta terminar siendo aprehendido. <\/p>\n<p>Todo comenz\u00f3 cuando el motociclista se dirig\u00eda en un rodado de alta cilindrada (600 C. C.), realizando maniobras peligrosas a gran velocidad, sin casco, en la zona c\u00e9ntrica de la ciudad. Personal de la Direcci\u00f3n de Tr\u00e1nsito lo detuvo en la esquina de Bv. Moreno y 25 de Mayo. All\u00ed coment\u00f3 que hab\u00eda ingerido 900 pesos de champagne y, seg\u00fan se habr\u00eda podido establecer, habr\u00eda querido coimear a los inspectores para evitar el secuestro de la moto, hecho que sin embargo se concret\u00f3 finalmente para evitar que protagonizara alg\u00fan incidente de tr\u00e1nsito.<\/p>\n<p>Pero no qued\u00f3 all\u00ed la situaci\u00f3n: minutos m\u00e1s tarde provoc\u00f3 disturbios en la zona del Banco Provincia. All\u00ed comenz\u00f3 a arrojar a la c\u00e1mara de seguridad de la entidad una lata de gaseosa que termin\u00f3 golpeando a una mujer y moj\u00f3 a otras personas que se hallaban en el lugar. <\/p>\n<p>Fue finalmente detenido por la polic\u00eda por provocar disturbios en la v\u00eda p\u00fablica y llevado a la comisar\u00eda. Seguramente en las pr\u00f3ximas horas recuperar\u00e1 la libertad.<\/p>\n","protected":false},"excerpt":{"rendered":"<p>Un hombre de nacionalidad coreana protagoniz\u00f3 varios hechos hasta terminar siendo aprehendido. Todo comenz\u00f3 cuando el motociclista se dirig\u00eda en un rodado de alta cilindrada (600 C. C.), realizando maniobras peligrosas a gran velocidad, sin casco, en la zona c\u00e9ntrica de la ciudad. Personal de la Direcci\u00f3n de Tr\u00e1nsito lo detuvo en la esquina de [&hellip;]<\/p>\n","protected":false},"author":4,"featured_media":10065,"comment_status":"open","ping_status":"closed","sticky":false,"template":"","format":"standard","meta":{"om_disable_all_campaigns":false,"_jetpack_memberships_contains_paid_content":false,"footnotes":""},"categories":[2,103],"tags":[],"class_list":["post-10064","post","type-post","status-publish","format-standard","has-post-thumbnail","hentry","category-locales","category-policiales-locales"],"aioseo_notices":[],"gutentor_comment":0,"jetpack_featured_media_url":"https:\/\/eldiariodesanpedro.com.ar\/sitio\/wp-content\/uploads\/2016\/11\/koreano-alcolizado-en-moto.jpg","jetpack_shortlink":"https:\/\/wp.me\/p6RhLt-2Ck","jetpack_sharing_enabled":true,"_links":{"self":[{"href":"https:\/\/eldiariodesanpedro.com.ar\/sitio\/wp-json\/wp\/v2\/posts\/10064","targetHints":{"allow":["GET"]}}],"collection":[{"href":"https:\/\/eldiariodesanpedro.com.ar\/sitio\/wp-json\/wp\/v2\/posts"}],"about":[{"href":"https:\/\/eldiariodesanpedro.com.ar\/sitio\/wp-json\/wp\/v2\/types\/post"}],"author":[{"embeddable":true,"href":"https:\/\/eldiariodesanpedro.com.ar\/sitio\/wp-json\/wp\/v2\/users\/4"}],"replies":[{"embeddable":true,"href":"https:\/\/eldiariodesanpedro.com.ar\/sitio\/wp-json\/wp\/v2\/comments?post=10064"}],"version-history":[{"count":1,"href":"https:\/\/eldiariodesanpedro.com.ar\/sitio\/wp-json\/wp\/v2\/posts\/10064\/revisions"}],"predecessor-version":[{"id":10066,"href":"https:\/\/eldiariodesanpedro.com.ar\/sitio\/wp-json\/wp\/v2\/posts\/10064\/revisions\/10066"}],"wp:featuredmedia":[{"embeddable":true,"href":"https:\/\/eldiariodesanpedro.com.ar\/sitio\/wp-json\/wp\/v2\/media\/10065"}],"wp:attachment":[{"href":"https:\/\/eldiariodesanpedro.com.ar\/sitio\/wp-json\/wp\/v2\/media?parent=10064"}],"wp:term":[{"taxonomy":"category","embeddable":true,"href":"https:\/\/eldiariodesanpedro.com.ar\/sitio\/wp-json\/wp\/v2\/categories?post=10064"},{"taxonomy":"post_tag","embeddable":true,"href":"https:\/\/eldiariodesanpedro.com.ar\/sitio\/wp-json\/wp\/v2\/tags?post=10064"}],"curies":[{"name":"wp","href":"https:\/\/api.w.org\/{rel}","templated":true}]}}