{"id":10062,"date":"2016-11-11T18:41:17","date_gmt":"2016-11-11T21:41:17","guid":{"rendered":"https:\/\/eldiariodesanpedro.com.ar\/sitio\/?p=10062"},"modified":"2016-11-11T20:14:37","modified_gmt":"2016-11-11T23:14:37","slug":"fallecio-el-motociclista-accidentado-en-m-iglesias-y-ruffa","status":"publish","type":"post","link":"https:\/\/eldiariodesanpedro.com.ar\/sitio\/fallecio-el-motociclista-accidentado-en-m-iglesias-y-ruffa\/","title":{"rendered":"Falleci\u00f3 el motociclista accidentado en M. Iglesias y Ruffa"},"content":{"rendered":"<p><!-- VideographyWP Plugin Message: Automatic video embedding prevented by plugin options. --><br \/>\nFalleci\u00f3 Leonardo Villaverde, quien hab\u00eda sido derivado a un centro asistencial de la ciudad de La Plata en grave estado como consecuencia de las lesiones que sufri\u00f3 en un accidente entre motos el pasado 3 de noviembre.<\/p>\n<p>A las 14.00 del d\u00eda de ayer, muri\u00f3 el joven de 23 a\u00f1os tras varios d\u00edas peleando por su vida. Cabe destacar que Villaverde era empleado municipal y se desempe\u00f1aba en el \u00e1rea de Servicios P\u00fablicos.<\/p>\n<p>Sus restos ser\u00e1n trasladados a la morgue judicial de San Nicol\u00e1s, donde se le practicar\u00e1 la autopsia y luego ser\u00e1 entregado a la familia para su inhumaci\u00f3n.<\/p>\n<p>El siniestro se hab\u00eda producido en Manuel Iglesias y Ruffa, entre dos motos. En ese entonces fueron derivadas cuatro personas a la guardia, siendo el joven fallecido el que hab\u00eda sufrido la peor parte. Un fuerte traumatismo en la base del cr\u00e1neo lo dej\u00f3 inconsciente. Luego se pudo establecer que hab\u00eda da\u00f1o neuronal y su estado era muy delicado.<\/p>\n","protected":false},"excerpt":{"rendered":"<p>Falleci\u00f3 Leonardo Villaverde, quien hab\u00eda sido derivado a un centro asistencial de la ciudad de La Plata en grave estado como consecuencia de las lesiones que sufri\u00f3 en un accidente entre motos el pasado 3 de noviembre. A las 14.00 del d\u00eda de ayer, muri\u00f3 el joven de 23 a\u00f1os tras varios d\u00edas peleando por [&hellip;]<\/p>\n","protected":false},"author":4,"featured_media":10091,"comment_status":"open","ping_status":"closed","sticky":false,"template":"","format":"standard","meta":{"om_disable_all_campaigns":false,"_jetpack_memberships_contains_paid_content":false,"footnotes":""},"categories":[50,101,2],"tags":[],"class_list":["post-10062","post","type-post","status-publish","format-standard","has-post-thumbnail","hentry","category-destacadas","category-interes-general-locales","category-locales"],"aioseo_notices":[],"gutentor_comment":0,"jetpack_featured_media_url":"https:\/\/eldiariodesanpedro.com.ar\/sitio\/wp-content\/uploads\/2016\/11\/Leonardo-Villaverde.jpg","jetpack_shortlink":"https:\/\/wp.me\/p6RhLt-2Ci","jetpack_sharing_enabled":true,"_links":{"self":[{"href":"https:\/\/eldiariodesanpedro.com.ar\/sitio\/wp-json\/wp\/v2\/posts\/10062","targetHints":{"allow":["GET"]}}],"collection":[{"href":"https:\/\/eldiariodesanpedro.com.ar\/sitio\/wp-json\/wp\/v2\/posts"}],"about":[{"href":"https:\/\/eldiariodesanpedro.com.ar\/sitio\/wp-json\/wp\/v2\/types\/post"}],"author":[{"embeddable":true,"href":"https:\/\/eldiariodesanpedro.com.ar\/sitio\/wp-json\/wp\/v2\/users\/4"}],"replies":[{"embeddable":true,"href":"https:\/\/eldiariodesanpedro.com.ar\/sitio\/wp-json\/wp\/v2\/comments?post=10062"}],"version-history":[{"count":1,"href":"https:\/\/eldiariodesanpedro.com.ar\/sitio\/wp-json\/wp\/v2\/posts\/10062\/revisions"}],"predecessor-version":[{"id":10063,"href":"https:\/\/eldiariodesanpedro.com.ar\/sitio\/wp-json\/wp\/v2\/posts\/10062\/revisions\/10063"}],"wp:featuredmedia":[{"embeddable":true,"href":"https:\/\/eldiariodesanpedro.com.ar\/sitio\/wp-json\/wp\/v2\/media\/10091"}],"wp:attachment":[{"href":"https:\/\/eldiariodesanpedro.com.ar\/sitio\/wp-json\/wp\/v2\/media?parent=10062"}],"wp:term":[{"taxonomy":"category","embeddable":true,"href":"https:\/\/eldiariodesanpedro.com.ar\/sitio\/wp-json\/wp\/v2\/categories?post=10062"},{"taxonomy":"post_tag","embeddable":true,"href":"https:\/\/eldiariodesanpedro.com.ar\/sitio\/wp-json\/wp\/v2\/tags?post=10062"}],"curies":[{"name":"wp","href":"https:\/\/api.w.org\/{rel}","templated":true}]}}