{"id":10055,"date":"2016-11-11T17:28:40","date_gmt":"2016-11-11T20:28:40","guid":{"rendered":"https:\/\/eldiariodesanpedro.com.ar\/sitio\/?p=10055"},"modified":"2016-11-11T17:46:11","modified_gmt":"2016-11-11T20:46:11","slug":"un-hombre-de-60-anos-atropellado-por-una-moto","status":"publish","type":"post","link":"https:\/\/eldiariodesanpedro.com.ar\/sitio\/un-hombre-de-60-anos-atropellado-por-una-moto\/","title":{"rendered":"Un hombre de 60 a\u00f1os atropellado por una moto"},"content":{"rendered":"<p><!-- VideographyWP Plugin Message: Automatic video embedding prevented by plugin options. --><br \/>\nEn horas del mediod\u00eda se produjo un accidente de transito en la intersecci\u00f3n de 11 de Septiembre y Bozzano, donde una de las personas heridas es un hombre de 60 a\u00f1os quien fue arrollado por una moto honda 125, quien seg\u00fan los testigos de la colisi\u00f3n, el veh\u00edculo que venia circulando por 11 de septiembre a una velocidad moderada atropella el se\u00f1or mayor que venia cruzando la avenida a pie, al parecer seg\u00fan los testigos el hombre habr\u00eda cruzado sin mirar y el conductor confiado que no iba a cruzarse no le dio el tiempo para frenar. los dos fueron trasladados al nosocomio local, al parecer el se\u00f1or habria sufrido traumatismo de craneo y una herida cortante, por su parte el joven solo heridas leves, los dos se encuentran fuera de peligro y estables.<\/p>\n<p><a href=\"https:\/\/eldiariodesanpedro.com.ar\/sitio\/wp-content\/uploads\/2016\/11\/choque-2.jpeg\"><img decoding=\"async\" data-attachment-id=\"10058\" data-permalink=\"https:\/\/eldiariodesanpedro.com.ar\/sitio\/un-hombre-de-60-anos-atropellado-por-una-moto\/choque-2\/\" data-orig-file=\"https:\/\/eldiariodesanpedro.com.ar\/sitio\/wp-content\/uploads\/2016\/11\/choque-2.jpeg\" data-orig-size=\"1032,581\" data-comments-opened=\"1\" data-image-meta=\"{&quot;aperture&quot;:&quot;0&quot;,&quot;credit&quot;:&quot;&quot;,&quot;camera&quot;:&quot;&quot;,&quot;caption&quot;:&quot;&quot;,&quot;created_timestamp&quot;:&quot;0&quot;,&quot;copyright&quot;:&quot;&quot;,&quot;focal_length&quot;:&quot;0&quot;,&quot;iso&quot;:&quot;0&quot;,&quot;shutter_speed&quot;:&quot;0&quot;,&quot;title&quot;:&quot;&quot;,&quot;orientation&quot;:&quot;0&quot;}\" data-image-title=\"choque-2\" data-image-description=\"\" data-image-caption=\"\" data-large-file=\"https:\/\/eldiariodesanpedro.com.ar\/sitio\/wp-content\/uploads\/2016\/11\/choque-2-1024x576.jpeg\" class=\"alignnone wp-image-10058 lazyload\" data-src=\"https:\/\/eldiariodesanpedro.com.ar\/sitio\/wp-content\/uploads\/2016\/11\/choque-2-300x169.jpeg\" alt=\"choque-2\" width=\"1040\" height=\"586\" data-srcset=\"https:\/\/eldiariodesanpedro.com.ar\/sitio\/wp-content\/uploads\/2016\/11\/choque-2-300x169.jpeg 300w, https:\/\/eldiariodesanpedro.com.ar\/sitio\/wp-content\/uploads\/2016\/11\/choque-2-768x432.jpeg 768w, https:\/\/eldiariodesanpedro.com.ar\/sitio\/wp-content\/uploads\/2016\/11\/choque-2-1024x576.jpeg 1024w, https:\/\/eldiariodesanpedro.com.ar\/sitio\/wp-content\/uploads\/2016\/11\/choque-2.jpeg 1032w\" data-sizes=\"(max-width: 1040px) 100vw, 1040px\" src=\"data:image\/svg+xml;base64,PHN2ZyB3aWR0aD0iMSIgaGVpZ2h0PSIxIiB4bWxucz0iaHR0cDovL3d3dy53My5vcmcvMjAwMC9zdmciPjwvc3ZnPg==\" style=\"--smush-placeholder-width: 1040px; --smush-placeholder-aspect-ratio: 1040\/586;\" \/><\/a><\/p>\n","protected":false},"excerpt":{"rendered":"<p>En horas del mediod\u00eda se produjo un accidente de transito en la intersecci\u00f3n de 11 de Septiembre y Bozzano, donde una de las personas heridas es un hombre de 60 a\u00f1os quien fue arrollado por una moto honda 125, quien seg\u00fan los testigos de la colisi\u00f3n, el veh\u00edculo que venia circulando por 11 de septiembre [&hellip;]<\/p>\n","protected":false},"author":4,"featured_media":10056,"comment_status":"open","ping_status":"closed","sticky":false,"template":"","format":"standard","meta":{"om_disable_all_campaigns":false,"_jetpack_memberships_contains_paid_content":false,"footnotes":""},"categories":[50,2,103],"tags":[],"class_list":["post-10055","post","type-post","status-publish","format-standard","has-post-thumbnail","hentry","category-destacadas","category-locales","category-policiales-locales"],"aioseo_notices":[],"gutentor_comment":0,"jetpack_featured_media_url":"https:\/\/eldiariodesanpedro.com.ar\/sitio\/wp-content\/uploads\/2016\/11\/choque-1.jpeg","jetpack_shortlink":"https:\/\/wp.me\/p6RhLt-2Cb","jetpack_sharing_enabled":true,"_links":{"self":[{"href":"https:\/\/eldiariodesanpedro.com.ar\/sitio\/wp-json\/wp\/v2\/posts\/10055","targetHints":{"allow":["GET"]}}],"collection":[{"href":"https:\/\/eldiariodesanpedro.com.ar\/sitio\/wp-json\/wp\/v2\/posts"}],"about":[{"href":"https:\/\/eldiariodesanpedro.com.ar\/sitio\/wp-json\/wp\/v2\/types\/post"}],"author":[{"embeddable":true,"href":"https:\/\/eldiariodesanpedro.com.ar\/sitio\/wp-json\/wp\/v2\/users\/4"}],"replies":[{"embeddable":true,"href":"https:\/\/eldiariodesanpedro.com.ar\/sitio\/wp-json\/wp\/v2\/comments?post=10055"}],"version-history":[{"count":4,"href":"https:\/\/eldiariodesanpedro.com.ar\/sitio\/wp-json\/wp\/v2\/posts\/10055\/revisions"}],"predecessor-version":[{"id":10061,"href":"https:\/\/eldiariodesanpedro.com.ar\/sitio\/wp-json\/wp\/v2\/posts\/10055\/revisions\/10061"}],"wp:featuredmedia":[{"embeddable":true,"href":"https:\/\/eldiariodesanpedro.com.ar\/sitio\/wp-json\/wp\/v2\/media\/10056"}],"wp:attachment":[{"href":"https:\/\/eldiariodesanpedro.com.ar\/sitio\/wp-json\/wp\/v2\/media?parent=10055"}],"wp:term":[{"taxonomy":"category","embeddable":true,"href":"https:\/\/eldiariodesanpedro.com.ar\/sitio\/wp-json\/wp\/v2\/categories?post=10055"},{"taxonomy":"post_tag","embeddable":true,"href":"https:\/\/eldiariodesanpedro.com.ar\/sitio\/wp-json\/wp\/v2\/tags?post=10055"}],"curies":[{"name":"wp","href":"https:\/\/api.w.org\/{rel}","templated":true}]}}