{"id":100459,"date":"2021-10-20T12:24:40","date_gmt":"2021-10-20T15:24:40","guid":{"rendered":"https:\/\/eldiariodesanpedro.com.ar\/sitio\/?p=100459"},"modified":"2021-10-20T12:24:45","modified_gmt":"2021-10-20T15:24:45","slug":"el-laboratorio-del-hospital-fue-seleccionado-para-un-estudio-nacional-coordinado-por-el-instituto-malbran","status":"publish","type":"post","link":"https:\/\/eldiariodesanpedro.com.ar\/sitio\/el-laboratorio-del-hospital-fue-seleccionado-para-un-estudio-nacional-coordinado-por-el-instituto-malbran\/","title":{"rendered":"El Laboratorio del Hospital fue seleccionado para un Estudio Nacional coordinado por el Instituto Malbr\u00e1n"},"content":{"rendered":"<!-- VideographyWP Plugin Message: Automatic video embedding prevented by plugin options. -->\n\n<p>El Laboratorio del Hospital Emilio Ruffa fue convocado a trav\u00e9s de la Regi\u00f3n Sanitaria para su participaci\u00f3n en un Estudio Multicentrico Nacional de Prevalencia de Carbapenemasas coordinado por el Instituto Malbr\u00e1n y dentro de un programa del Ministerio de Salud de la Naci\u00f3n.<\/p>\n\n\n\n<p>A partir del excelente v\u00ednculo establecido durante los \u00faltimos meses, esta invitaci\u00f3n constituye un gran reconocimiento para el Laboratorio a cargo del Bioqu\u00edmico Adri\u00e1n Spotti y con la participaci\u00f3n de la Bacteri\u00f3loga Luciana Artigues.<\/p>\n\n\n\n<p>El estudio consiste en la detecci\u00f3n y env\u00edo de muestras que puedan resultar valiosas para el an\u00e1lisis y comportamiento de antibi\u00f3ticos utilizados en diferentes patolog\u00edas. Desde el Laboratorio del Hospital se podr\u00e1n remitir estas muestras para que sean consideradas dentro de un relevamiento que incluye a laboratorios de referencia de todo el pa\u00eds.<\/p>\n\n\n\n<p>Para que esta informaci\u00f3n sea compartida de manera eficiente y \u00fatil, el operativo interno requiere la participaci\u00f3n de todas las \u00e1reas del Hospital a trav\u00e9s de las cu\u00e1les pueden llegar pacientes de los que resulte importante individualizar sus ex\u00e1menes.<\/p>\n\n\n\n<p>El Laboratorio del Hospital ha sido reconocido en estos \u00faltimos meses por su gran tarea y se aguarda en breve la confirmaci\u00f3n de las obras de ampliaci\u00f3n que permitir\u00e1n continuar jerarquizando su labor.<\/p>\n","protected":false},"excerpt":{"rendered":"<p>El Laboratorio del Hospital Emilio Ruffa fue convocado a trav\u00e9s de la Regi\u00f3n Sanitaria para su participaci\u00f3n en un Estudio Multicentrico Nacional de Prevalencia de Carbapenemasas coordinado por el Instituto Malbr\u00e1n y dentro de un programa del Ministerio de Salud de la Naci\u00f3n. A partir del excelente v\u00ednculo establecido durante los \u00faltimos meses, esta invitaci\u00f3n [&hellip;]<\/p>\n","protected":false},"author":4,"featured_media":100460,"comment_status":"closed","ping_status":"closed","sticky":false,"template":"","format":"standard","meta":{"om_disable_all_campaigns":false,"_jetpack_memberships_contains_paid_content":false,"footnotes":""},"categories":[101,2],"tags":[],"class_list":["post-100459","post","type-post","status-publish","format-standard","has-post-thumbnail","hentry","category-interes-general-locales","category-locales"],"aioseo_notices":[],"gutentor_comment":0,"jetpack_featured_media_url":"https:\/\/eldiariodesanpedro.com.ar\/sitio\/wp-content\/uploads\/2021\/10\/instituto-malbran-buenos-aires.jpg","jetpack_shortlink":"https:\/\/wp.me\/p6RhLt-q8j","jetpack_sharing_enabled":true,"_links":{"self":[{"href":"https:\/\/eldiariodesanpedro.com.ar\/sitio\/wp-json\/wp\/v2\/posts\/100459","targetHints":{"allow":["GET"]}}],"collection":[{"href":"https:\/\/eldiariodesanpedro.com.ar\/sitio\/wp-json\/wp\/v2\/posts"}],"about":[{"href":"https:\/\/eldiariodesanpedro.com.ar\/sitio\/wp-json\/wp\/v2\/types\/post"}],"author":[{"embeddable":true,"href":"https:\/\/eldiariodesanpedro.com.ar\/sitio\/wp-json\/wp\/v2\/users\/4"}],"replies":[{"embeddable":true,"href":"https:\/\/eldiariodesanpedro.com.ar\/sitio\/wp-json\/wp\/v2\/comments?post=100459"}],"version-history":[{"count":1,"href":"https:\/\/eldiariodesanpedro.com.ar\/sitio\/wp-json\/wp\/v2\/posts\/100459\/revisions"}],"predecessor-version":[{"id":100461,"href":"https:\/\/eldiariodesanpedro.com.ar\/sitio\/wp-json\/wp\/v2\/posts\/100459\/revisions\/100461"}],"wp:featuredmedia":[{"embeddable":true,"href":"https:\/\/eldiariodesanpedro.com.ar\/sitio\/wp-json\/wp\/v2\/media\/100460"}],"wp:attachment":[{"href":"https:\/\/eldiariodesanpedro.com.ar\/sitio\/wp-json\/wp\/v2\/media?parent=100459"}],"wp:term":[{"taxonomy":"category","embeddable":true,"href":"https:\/\/eldiariodesanpedro.com.ar\/sitio\/wp-json\/wp\/v2\/categories?post=100459"},{"taxonomy":"post_tag","embeddable":true,"href":"https:\/\/eldiariodesanpedro.com.ar\/sitio\/wp-json\/wp\/v2\/tags?post=100459"}],"curies":[{"name":"wp","href":"https:\/\/api.w.org\/{rel}","templated":true}]}}