{"id":100456,"date":"2021-10-20T12:14:43","date_gmt":"2021-10-20T15:14:43","guid":{"rendered":"https:\/\/eldiariodesanpedro.com.ar\/sitio\/?p=100456"},"modified":"2021-10-20T12:14:52","modified_gmt":"2021-10-20T15:14:52","slug":"curso-de-especializacion-en-gestion-de-comercio-exterior","status":"publish","type":"post","link":"https:\/\/eldiariodesanpedro.com.ar\/sitio\/curso-de-especializacion-en-gestion-de-comercio-exterior\/","title":{"rendered":"Curso de especializaci\u00f3n en gesti\u00f3n de comercio exterior"},"content":{"rendered":"<!-- VideographyWP Plugin Message: Automatic video embedding prevented by plugin options. -->\n\n<p>La Asociaci\u00f3n de Importadores y Exportadores de la Rep\u00fablica Argentina junto a la Secretar\u00eda de Desarrollo Econ\u00f3mico informan que comienza la inscripci\u00f3n del curso virtual de especializaci\u00f3n en gesti\u00f3n exterior a cargo de los tutores Carolina Pereyra y Guillermo Stephanus, quienes comenzar\u00e1n el 15 de noviembre este curso intensivo que consta de 10 m\u00f3dulos repartidos en 13 semanas con la incorporaci\u00f3n de modernas herramientas did\u00e1cticas y audiovisuales.<\/p>\n\n\n\n<p>Esta capacitaci\u00f3n est\u00e1 dirigida a empresarios y empleados PYMES, personal del sector p\u00fablico vinculado al comercio exterior y estudiantes universitarios que deseen iniciarse en los negocios internacionales quienes al finalizar esta actividad contar\u00e1n con herramientas de trabajo que les permitir\u00e1n operar en Comercio Exterior, Iniciar su actividad exportadora, aprender a desarrollar su propio plan de negocios.<\/p>\n\n\n\n<p>El costo del mismo tendr\u00e1 una bonificaci\u00f3n del 50% a quienes se inscriban desde la Municipalidad de San Pedro dado el convenio firmado por el Intendente Cecilio Salazar. Por lo que, en el momento en que se realiza la inscripci\u00f3n, en donde dice \u201cA trav\u00e9s de que medio recibi\u00f3 datos sobre el curso\u201d, deber\u00e1n completar MUNICIPALIDAD DE SAN PEDRO, a los fines de que se les realice el correspondiente descuento.<\/p>\n\n\n\n<p>Los interesados podr\u00e1n inscribirse a trav\u00e9s del siguiente mail: capacitacion@aiera.org.ar<\/p>\n","protected":false},"excerpt":{"rendered":"<p>La Asociaci\u00f3n de Importadores y Exportadores de la Rep\u00fablica Argentina junto a la Secretar\u00eda de Desarrollo Econ\u00f3mico informan que comienza la inscripci\u00f3n del curso virtual de especializaci\u00f3n en gesti\u00f3n exterior a cargo de los tutores Carolina Pereyra y Guillermo Stephanus, quienes comenzar\u00e1n el 15 de noviembre este curso intensivo que consta de 10 m\u00f3dulos repartidos [&hellip;]<\/p>\n","protected":false},"author":4,"featured_media":100457,"comment_status":"closed","ping_status":"closed","sticky":false,"template":"","format":"standard","meta":{"om_disable_all_campaigns":false,"_jetpack_memberships_contains_paid_content":false,"footnotes":""},"categories":[101,2],"tags":[],"class_list":["post-100456","post","type-post","status-publish","format-standard","has-post-thumbnail","hentry","category-interes-general-locales","category-locales"],"aioseo_notices":[],"gutentor_comment":0,"jetpack_featured_media_url":"https:\/\/eldiariodesanpedro.com.ar\/sitio\/wp-content\/uploads\/2021\/10\/Comercio-exterior.jpg","jetpack_shortlink":"https:\/\/wp.me\/p6RhLt-q8g","jetpack_sharing_enabled":true,"_links":{"self":[{"href":"https:\/\/eldiariodesanpedro.com.ar\/sitio\/wp-json\/wp\/v2\/posts\/100456","targetHints":{"allow":["GET"]}}],"collection":[{"href":"https:\/\/eldiariodesanpedro.com.ar\/sitio\/wp-json\/wp\/v2\/posts"}],"about":[{"href":"https:\/\/eldiariodesanpedro.com.ar\/sitio\/wp-json\/wp\/v2\/types\/post"}],"author":[{"embeddable":true,"href":"https:\/\/eldiariodesanpedro.com.ar\/sitio\/wp-json\/wp\/v2\/users\/4"}],"replies":[{"embeddable":true,"href":"https:\/\/eldiariodesanpedro.com.ar\/sitio\/wp-json\/wp\/v2\/comments?post=100456"}],"version-history":[{"count":1,"href":"https:\/\/eldiariodesanpedro.com.ar\/sitio\/wp-json\/wp\/v2\/posts\/100456\/revisions"}],"predecessor-version":[{"id":100458,"href":"https:\/\/eldiariodesanpedro.com.ar\/sitio\/wp-json\/wp\/v2\/posts\/100456\/revisions\/100458"}],"wp:featuredmedia":[{"embeddable":true,"href":"https:\/\/eldiariodesanpedro.com.ar\/sitio\/wp-json\/wp\/v2\/media\/100457"}],"wp:attachment":[{"href":"https:\/\/eldiariodesanpedro.com.ar\/sitio\/wp-json\/wp\/v2\/media?parent=100456"}],"wp:term":[{"taxonomy":"category","embeddable":true,"href":"https:\/\/eldiariodesanpedro.com.ar\/sitio\/wp-json\/wp\/v2\/categories?post=100456"},{"taxonomy":"post_tag","embeddable":true,"href":"https:\/\/eldiariodesanpedro.com.ar\/sitio\/wp-json\/wp\/v2\/tags?post=100456"}],"curies":[{"name":"wp","href":"https:\/\/api.w.org\/{rel}","templated":true}]}}