{"id":10043,"date":"2016-11-10T19:18:44","date_gmt":"2016-11-10T22:18:44","guid":{"rendered":"https:\/\/eldiariodesanpedro.com.ar\/sitio\/?p=10043"},"modified":"2026-01-24T00:32:25","modified_gmt":"2026-01-24T03:32:25","slug":"torneo-sub-15-san-pedro-campeon-y-al-nacional","status":"publish","type":"post","link":"https:\/\/eldiariodesanpedro.com.ar\/sitio\/torneo-sub-15-san-pedro-campeon-y-al-nacional\/","title":{"rendered":"TORNEO SUB 15: San Pedro campe\u00f3n y al nacional"},"content":{"rendered":"<p><!-- VideographyWP Plugin Message: Automatic video embedding prevented by plugin options. --><br \/>\nCulmin\u00f3 este mi\u00e9rcoles en la cancha de Jorge Newbery de Rojas la edici\u00f3n 2016 del torneo de Selecciones Juveniles que coordina Federaci\u00f3n Norte y organiza el Consejo Federal de AFA. El selectivo local recibi\u00f3 a los sampedrinos en una revancha que ten\u00eda dos equipos muy parejos, a pesar del 4 a 1 del encuentro jugado en nuestra ciudad. <\/p>\n<p>Fue un partido muy duro, con una etapa inicial sin demasiadas situaciones claras (dos por el local, donde Rasio rechaz\u00f3 un cabezazo que se met\u00eda pegado al palo m\u00e1s lejano y una de Azimonti para la visita que se fue apenas desviado), y la jugada del penal que le permiti\u00f3 al local ponerse en ventaja. Naci\u00f3 de una contra que termina en falta dentro del \u00e1rea y Juan Forgues se encarg\u00f3 de convertir a los 36m. El local tuvo m\u00e1s tiempo la pelota, la administr\u00f3 mejor, pero no tuvo peso en los \u00faltimos metros.<\/p>\n<p>En el complemento se dio como se esperaba, el local atacando de manera constante, buscando por afuera y luego a meter centros al coraz\u00f3n del \u00e1rea, y una jugada que culmin\u00f3 de L. Piedrabuena y apenas se perdi\u00f3 afuera, como un llamado de atenci\u00f3n. <\/p>\n<p>A los 18m pierde San Pedro a D. N\u00fa\u00f1ez, quien por doble amonestaci\u00f3n debe dejar la cancha. All\u00ed todo indicaba que ser\u00edan minutos de sufrimientos para San Pedro, faltaba mucho para jugar con uno menos. Rojas empujado por su gente, que en buen n\u00famero acompa\u00f1\u00f3 la final, se fue al todo o nada y all\u00ed apareci\u00f3 la figura del arquero Rasio. Tres situaciones de quedar mano a mano con delanteros locales los resolvi\u00f3 muy bien, jug\u00e1ndose en cada pelota y el punto m\u00e1s alto fue cuando le rechaz\u00f3 un tiro fuerte y alto al rinc\u00f3n del goleador Forgues, llev\u00e1ndose las felicitaciones del propio delantero. <\/p>\n<p>Pasaron 10m dificiles, San Pedro comenz\u00f3 a controlar el juego, se acerc\u00f3 hasta el golero local y esperaba solo pasar los minutos para festejar. Pero no cont\u00f3 que el \u00e1rbitro marc\u00f3 varios minutos de descuento y Rojas se jug\u00f3 la \u00faltima ficha, logrando marcar el propio Forgues de tiro libre el segundo, luego que su remate se desviara en la barrera y descoloc\u00f3 a Rasio, pero no alcanz\u00f3, a pesar que dio el \u00e1rbitro otra vez 3m adicionados en una final que se hac\u00eda interminable. <\/p>\n<p>Hasta que lleg\u00f3 el pitazo y el festejo de los jugadores sampedrinos, quienes solo perdieron en el torneo este cotejo, dejando rivales muy duros en el camino.  <\/p>\n<p><strong>S\u00edntesis<\/strong><\/p>\n<p>ROJAS (2): Ignacio Mateu Bauducco, Miguel Martino, Franco Gonz\u00e1lez, Diego Vel\u00e1zquez (Rodrigo Balerio), Santino Fioravanti, Santiago Flores, Mat\u00edas Preciado, Luis Piedrabuena (Ezequiel Piedrabuena), El\u00edas Delgado (Iv\u00e1n M\u00e1lmoria), Juan Chazarreta (Alessandro Paolini), Juan Forgues. Relevos: Valent\u00edn Endrizi. DT: Ra\u00fal Ver\u00f3n.<br \/>\nSAN PEDRO (0): Gonzalo Rasio, Ignacio Pardo, Augusto Paz Toledo, Lucas Garc\u00eda, Ignacio Campos (Fabio Garc\u00eda), Diego N\u00fa\u00f1ez, Joaqu\u00edn Biain (Nicol\u00e1s Dettler), Manuel Azimonti, Gast\u00f3n Arnal (Seba C\u00e1ceres), Alex Oliveto, Santiago Rodr\u00edguez (Alejo Armend\u00e1riz).  Relevos: Briam Britez. DT: Gerardo Biain.<\/p>\n<p>Goles: 36m y 79m Forgues el primero de tiro penal (R).<\/p>\n<p>Incidencias: Exp.16\u2032 Diego N\u00fa\u00f1ez (SP) por doble amarilla.<\/p>\n<p>\u00c1rbitro: Federico De Lucca (Liga de Chivilcoy)<\/p>\n<p>Asistentes: Daniel Ledesma y Cristian Orozco <\/p>\n<p>Cancha: Jorge Newbery (Rojas).<\/p>\n<div data-carousel-extra='{&quot;blog_id&quot;:1,&quot;permalink&quot;:&quot;https:\/\/eldiariodesanpedro.com.ar\/sitio\/torneo-sub-15-san-pedro-campeon-y-al-nacional\/&quot;}' id='gallery-1' class='gallery galleryid-10043 gallery-columns-3 gallery-size-large'><figure class='gallery-item'>\n\t\t\t<div class='gallery-icon landscape'>\n\t\t\t\t<a href='https:\/\/eldiariodesanpedro.com.ar\/sitio\/torneo-sub-15-san-pedro-campeon-y-al-nacional\/foto-1-11-11-16\/'><img decoding=\"async\" width=\"640\" height=\"366\" data-src=\"https:\/\/eldiariodesanpedro.com.ar\/sitio\/wp-content\/uploads\/2016\/11\/FOTO-1-11-11-16.jpg\" class=\"attachment-large size-large lazyload\" alt=\"El Diario de San Pedro | Noticias locales y regionales\" data-srcset=\"https:\/\/eldiariodesanpedro.com.ar\/sitio\/wp-content\/uploads\/2016\/11\/FOTO-1-11-11-16.jpg 800w, https:\/\/eldiariodesanpedro.com.ar\/sitio\/wp-content\/uploads\/2016\/11\/FOTO-1-11-11-16-300x171.jpg 300w, https:\/\/eldiariodesanpedro.com.ar\/sitio\/wp-content\/uploads\/2016\/11\/FOTO-1-11-11-16-768x439.jpg 768w\" data-sizes=\"(max-width: 640px) 100vw, 640px\" data-attachment-id=\"10045\" data-permalink=\"https:\/\/eldiariodesanpedro.com.ar\/sitio\/torneo-sub-15-san-pedro-campeon-y-al-nacional\/foto-1-11-11-16\/\" data-orig-file=\"https:\/\/eldiariodesanpedro.com.ar\/sitio\/wp-content\/uploads\/2016\/11\/FOTO-1-11-11-16.jpg\" data-orig-size=\"800,457\" data-comments-opened=\"1\" data-image-meta=\"{&quot;aperture&quot;:&quot;3.1&quot;,&quot;credit&quot;:&quot;&quot;,&quot;camera&quot;:&quot;FinePix S4000&quot;,&quot;caption&quot;:&quot;&quot;,&quot;created_timestamp&quot;:&quot;1473661770&quot;,&quot;copyright&quot;:&quot;&quot;,&quot;focal_length&quot;:&quot;4.3&quot;,&quot;iso&quot;:&quot;800&quot;,&quot;shutter_speed&quot;:&quot;0.033333333333333&quot;,&quot;title&quot;:&quot;&quot;,&quot;orientation&quot;:&quot;0&quot;}\" data-image-title=\"foto-1-11-11-16\" data-image-description=\"\" data-image-caption=\"\" data-large-file=\"https:\/\/eldiariodesanpedro.com.ar\/sitio\/wp-content\/uploads\/2016\/11\/FOTO-1-11-11-16.jpg\" src=\"data:image\/svg+xml;base64,PHN2ZyB3aWR0aD0iMSIgaGVpZ2h0PSIxIiB4bWxucz0iaHR0cDovL3d3dy53My5vcmcvMjAwMC9zdmciPjwvc3ZnPg==\" style=\"--smush-placeholder-width: 640px; --smush-placeholder-aspect-ratio: 640\/366;\" \/><\/a>\n\t\t\t<\/div><\/figure><figure class='gallery-item'>\n\t\t\t<div class='gallery-icon landscape'>\n\t\t\t\t<a href='https:\/\/eldiariodesanpedro.com.ar\/sitio\/torneo-sub-15-san-pedro-campeon-y-al-nacional\/foto-2-11-11-16\/'><img decoding=\"async\" width=\"640\" height=\"480\" data-src=\"https:\/\/eldiariodesanpedro.com.ar\/sitio\/wp-content\/uploads\/2016\/11\/FOTO-2-11-11-16.jpg\" class=\"attachment-large size-large lazyload\" alt=\"El Diario de San Pedro | Noticias locales y regionales\" data-srcset=\"https:\/\/eldiariodesanpedro.com.ar\/sitio\/wp-content\/uploads\/2016\/11\/FOTO-2-11-11-16.jpg 800w, https:\/\/eldiariodesanpedro.com.ar\/sitio\/wp-content\/uploads\/2016\/11\/FOTO-2-11-11-16-300x225.jpg 300w, https:\/\/eldiariodesanpedro.com.ar\/sitio\/wp-content\/uploads\/2016\/11\/FOTO-2-11-11-16-768x576.jpg 768w\" data-sizes=\"(max-width: 640px) 100vw, 640px\" data-attachment-id=\"10046\" data-permalink=\"https:\/\/eldiariodesanpedro.com.ar\/sitio\/torneo-sub-15-san-pedro-campeon-y-al-nacional\/foto-2-11-11-16\/\" data-orig-file=\"https:\/\/eldiariodesanpedro.com.ar\/sitio\/wp-content\/uploads\/2016\/11\/FOTO-2-11-11-16.jpg\" data-orig-size=\"800,600\" data-comments-opened=\"1\" data-image-meta=\"{&quot;aperture&quot;:&quot;3.1&quot;,&quot;credit&quot;:&quot;&quot;,&quot;camera&quot;:&quot;FinePix S4000&quot;,&quot;caption&quot;:&quot;&quot;,&quot;created_timestamp&quot;:&quot;1473661549&quot;,&quot;copyright&quot;:&quot;&quot;,&quot;focal_length&quot;:&quot;4.3&quot;,&quot;iso&quot;:&quot;64&quot;,&quot;shutter_speed&quot;:&quot;0.033333333333333&quot;,&quot;title&quot;:&quot;&quot;,&quot;orientation&quot;:&quot;0&quot;}\" data-image-title=\"foto-2-11-11-16\" data-image-description=\"\" data-image-caption=\"\" data-large-file=\"https:\/\/eldiariodesanpedro.com.ar\/sitio\/wp-content\/uploads\/2016\/11\/FOTO-2-11-11-16.jpg\" src=\"data:image\/svg+xml;base64,PHN2ZyB3aWR0aD0iMSIgaGVpZ2h0PSIxIiB4bWxucz0iaHR0cDovL3d3dy53My5vcmcvMjAwMC9zdmciPjwvc3ZnPg==\" style=\"--smush-placeholder-width: 640px; --smush-placeholder-aspect-ratio: 640\/480;\" \/><\/a>\n\t\t\t<\/div><\/figure><figure class='gallery-item'>\n\t\t\t<div class='gallery-icon landscape'>\n\t\t\t\t<a href='https:\/\/eldiariodesanpedro.com.ar\/sitio\/torneo-sub-15-san-pedro-campeon-y-al-nacional\/foto-4-11-11-16\/'><img decoding=\"async\" width=\"640\" height=\"480\" data-src=\"https:\/\/eldiariodesanpedro.com.ar\/sitio\/wp-content\/uploads\/2016\/11\/FOTO-4-11-11-16.jpg\" class=\"attachment-large size-large lazyload\" alt=\"El Diario de San Pedro | Noticias locales y regionales\" data-srcset=\"https:\/\/eldiariodesanpedro.com.ar\/sitio\/wp-content\/uploads\/2016\/11\/FOTO-4-11-11-16.jpg 800w, https:\/\/eldiariodesanpedro.com.ar\/sitio\/wp-content\/uploads\/2016\/11\/FOTO-4-11-11-16-300x225.jpg 300w, https:\/\/eldiariodesanpedro.com.ar\/sitio\/wp-content\/uploads\/2016\/11\/FOTO-4-11-11-16-768x576.jpg 768w\" data-sizes=\"(max-width: 640px) 100vw, 640px\" data-attachment-id=\"10048\" data-permalink=\"https:\/\/eldiariodesanpedro.com.ar\/sitio\/torneo-sub-15-san-pedro-campeon-y-al-nacional\/foto-4-11-11-16\/\" data-orig-file=\"https:\/\/eldiariodesanpedro.com.ar\/sitio\/wp-content\/uploads\/2016\/11\/FOTO-4-11-11-16.jpg\" data-orig-size=\"800,600\" data-comments-opened=\"1\" data-image-meta=\"{&quot;aperture&quot;:&quot;3.1&quot;,&quot;credit&quot;:&quot;&quot;,&quot;camera&quot;:&quot;FinePix S4000&quot;,&quot;caption&quot;:&quot;&quot;,&quot;created_timestamp&quot;:&quot;1473661953&quot;,&quot;copyright&quot;:&quot;&quot;,&quot;focal_length&quot;:&quot;4.3&quot;,&quot;iso&quot;:&quot;64&quot;,&quot;shutter_speed&quot;:&quot;0.033333333333333&quot;,&quot;title&quot;:&quot;&quot;,&quot;orientation&quot;:&quot;0&quot;}\" data-image-title=\"foto-4-11-11-16\" data-image-description=\"\" data-image-caption=\"\" data-large-file=\"https:\/\/eldiariodesanpedro.com.ar\/sitio\/wp-content\/uploads\/2016\/11\/FOTO-4-11-11-16.jpg\" src=\"data:image\/svg+xml;base64,PHN2ZyB3aWR0aD0iMSIgaGVpZ2h0PSIxIiB4bWxucz0iaHR0cDovL3d3dy53My5vcmcvMjAwMC9zdmciPjwvc3ZnPg==\" style=\"--smush-placeholder-width: 640px; --smush-placeholder-aspect-ratio: 640\/480;\" \/><\/a>\n\t\t\t<\/div><\/figure><figure class='gallery-item'>\n\t\t\t<div class='gallery-icon landscape'>\n\t\t\t\t<a href='https:\/\/eldiariodesanpedro.com.ar\/sitio\/torneo-sub-15-san-pedro-campeon-y-al-nacional\/foto-3-11-11-16\/'><img decoding=\"async\" width=\"640\" height=\"505\" data-src=\"https:\/\/eldiariodesanpedro.com.ar\/sitio\/wp-content\/uploads\/2016\/11\/FOTO-3-11-11-16.jpg\" class=\"attachment-large size-large lazyload\" alt=\"El Diario de San Pedro | Noticias locales y regionales\" data-srcset=\"https:\/\/eldiariodesanpedro.com.ar\/sitio\/wp-content\/uploads\/2016\/11\/FOTO-3-11-11-16.jpg 800w, https:\/\/eldiariodesanpedro.com.ar\/sitio\/wp-content\/uploads\/2016\/11\/FOTO-3-11-11-16-300x237.jpg 300w, https:\/\/eldiariodesanpedro.com.ar\/sitio\/wp-content\/uploads\/2016\/11\/FOTO-3-11-11-16-768x606.jpg 768w\" data-sizes=\"(max-width: 640px) 100vw, 640px\" data-attachment-id=\"10047\" data-permalink=\"https:\/\/eldiariodesanpedro.com.ar\/sitio\/torneo-sub-15-san-pedro-campeon-y-al-nacional\/foto-3-11-11-16\/\" data-orig-file=\"https:\/\/eldiariodesanpedro.com.ar\/sitio\/wp-content\/uploads\/2016\/11\/FOTO-3-11-11-16.jpg\" data-orig-size=\"800,631\" data-comments-opened=\"1\" data-image-meta=\"{&quot;aperture&quot;:&quot;3.1&quot;,&quot;credit&quot;:&quot;&quot;,&quot;camera&quot;:&quot;FinePix S4000&quot;,&quot;caption&quot;:&quot;&quot;,&quot;created_timestamp&quot;:&quot;1473661502&quot;,&quot;copyright&quot;:&quot;&quot;,&quot;focal_length&quot;:&quot;4.3&quot;,&quot;iso&quot;:&quot;200&quot;,&quot;shutter_speed&quot;:&quot;0.033333333333333&quot;,&quot;title&quot;:&quot;&quot;,&quot;orientation&quot;:&quot;0&quot;}\" data-image-title=\"foto-3-11-11-16\" data-image-description=\"\" data-image-caption=\"\" data-large-file=\"https:\/\/eldiariodesanpedro.com.ar\/sitio\/wp-content\/uploads\/2016\/11\/FOTO-3-11-11-16.jpg\" src=\"data:image\/svg+xml;base64,PHN2ZyB3aWR0aD0iMSIgaGVpZ2h0PSIxIiB4bWxucz0iaHR0cDovL3d3dy53My5vcmcvMjAwMC9zdmciPjwvc3ZnPg==\" style=\"--smush-placeholder-width: 640px; --smush-placeholder-aspect-ratio: 640\/505;\" \/><\/a>\n\t\t\t<\/div><\/figure>\n\t\t<\/div>\n\n","protected":false},"excerpt":{"rendered":"<p>Culmin\u00f3 este mi\u00e9rcoles en la cancha de Jorge Newbery de Rojas la edici\u00f3n 2016 del torneo de Selecciones Juveniles que coordina Federaci\u00f3n Norte y organiza el Consejo Federal de AFA. El selectivo local recibi\u00f3 a los sampedrinos en una revancha que ten\u00eda dos equipos muy parejos, a pesar del 4 a 1 del encuentro jugado [&hellip;]<\/p>\n","protected":false},"author":4,"featured_media":10045,"comment_status":"open","ping_status":"closed","sticky":false,"template":"","format":"standard","meta":{"om_disable_all_campaigns":false,"_jetpack_memberships_contains_paid_content":false,"footnotes":""},"categories":[5],"tags":[],"class_list":["post-10043","post","type-post","status-publish","format-standard","has-post-thumbnail","hentry","category-deportes"],"aioseo_notices":[],"gutentor_comment":0,"jetpack_featured_media_url":"https:\/\/eldiariodesanpedro.com.ar\/sitio\/wp-content\/uploads\/2016\/11\/FOTO-1-11-11-16.jpg","jetpack_shortlink":"https:\/\/wp.me\/p6RhLt-2BZ","jetpack_sharing_enabled":true,"_links":{"self":[{"href":"https:\/\/eldiariodesanpedro.com.ar\/sitio\/wp-json\/wp\/v2\/posts\/10043","targetHints":{"allow":["GET"]}}],"collection":[{"href":"https:\/\/eldiariodesanpedro.com.ar\/sitio\/wp-json\/wp\/v2\/posts"}],"about":[{"href":"https:\/\/eldiariodesanpedro.com.ar\/sitio\/wp-json\/wp\/v2\/types\/post"}],"author":[{"embeddable":true,"href":"https:\/\/eldiariodesanpedro.com.ar\/sitio\/wp-json\/wp\/v2\/users\/4"}],"replies":[{"embeddable":true,"href":"https:\/\/eldiariodesanpedro.com.ar\/sitio\/wp-json\/wp\/v2\/comments?post=10043"}],"version-history":[{"count":1,"href":"https:\/\/eldiariodesanpedro.com.ar\/sitio\/wp-json\/wp\/v2\/posts\/10043\/revisions"}],"predecessor-version":[{"id":10049,"href":"https:\/\/eldiariodesanpedro.com.ar\/sitio\/wp-json\/wp\/v2\/posts\/10043\/revisions\/10049"}],"wp:featuredmedia":[{"embeddable":true,"href":"https:\/\/eldiariodesanpedro.com.ar\/sitio\/wp-json\/wp\/v2\/media\/10045"}],"wp:attachment":[{"href":"https:\/\/eldiariodesanpedro.com.ar\/sitio\/wp-json\/wp\/v2\/media?parent=10043"}],"wp:term":[{"taxonomy":"category","embeddable":true,"href":"https:\/\/eldiariodesanpedro.com.ar\/sitio\/wp-json\/wp\/v2\/categories?post=10043"},{"taxonomy":"post_tag","embeddable":true,"href":"https:\/\/eldiariodesanpedro.com.ar\/sitio\/wp-json\/wp\/v2\/tags?post=10043"}],"curies":[{"name":"wp","href":"https:\/\/api.w.org\/{rel}","templated":true}]}}