{"id":100412,"date":"2021-10-20T09:25:48","date_gmt":"2021-10-20T12:25:48","guid":{"rendered":"https:\/\/eldiariodesanpedro.com.ar\/sitio\/?p=100412"},"modified":"2021-10-20T09:25:53","modified_gmt":"2021-10-20T12:25:53","slug":"se-firmo-el-convenio-para-invertir-1150-millones-de-pesos-en-la-reconstruccion-del-muelle-del-espigon-no1","status":"publish","type":"post","link":"https:\/\/eldiariodesanpedro.com.ar\/sitio\/se-firmo-el-convenio-para-invertir-1150-millones-de-pesos-en-la-reconstruccion-del-muelle-del-espigon-no1\/","title":{"rendered":"Se firm\u00f3 el convenio para invertir 1150 millones de pesos en la reconstrucci\u00f3n del muelle del espig\u00f3n N\u00ba1"},"content":{"rendered":"<!-- VideographyWP Plugin Message: Automatic video embedding prevented by plugin options. -->\n\n<p>Este martes 19 de octubre, se concret\u00f3 uno de los hechos m\u00e1s importantes en la historia del Puerto de San Pedro, con la firma del convenio a trav\u00e9s del cual el Ministerio de Transporte transferir\u00e1 en dos etapas, 1150 millones de pesos para el inicio de las obras de reconstrucci\u00f3n del muelle N\u00ba1.<\/p>\n\n\n\n<p>Con los \u00faltimos movimientos de carga del hist\u00f3rico embarque de harina a Cuba que regresa despu\u00e9s de 15 a\u00f1os, como marco apropiado para el acto, el Intendente Cecilio Salazar y el Presidente del Consorcio de Gesti\u00f3n Eliseo Almada, recibieron al Presidente de la C\u00e1mara de Diputados Sergio Massa, al Ministro de Transporte de la Naci\u00f3n Alexis Guerrera, la Ministra de Gobierno de la Provincia de Buenos Aires Cristina \u00c1lvarez Rodr\u00edguez y el Subsecretario de Puertos de la Provincia de Buenos Aires, Juan Cruz Lucero.<\/p>\n\n\n\n<p>El Presidente del Consorcio Eliseo Almada, muy emocionado, destac\u00f3 que el avance de esta obra que comenz\u00f3 a gestarse junto al recordado Ministro de Transporte Mario Meoni en un acto similar y que constituye la ratificaci\u00f3n de una pol\u00edtica de estado articulada entre Naci\u00f3n, Provincia y Municipio para potenciar los puertos p\u00fablicos.<\/p>\n\n\n\n<p>Almada agradeci\u00f3 la colaboraci\u00f3n de todos los organismos relacionados con la actividad portuaria a nivel nacional y provincial, y muy especialmente al Intendente Salazar, quien confi\u00f3 en su designaci\u00f3n, y a los trabajadores, que tambi\u00e9n fueron convocados a ser parte del escenario del acto de manera simb\u00f3lica.<\/p>\n\n\n\n<p>El Intendente Salazar, tambi\u00e9n con gran emoci\u00f3n, destac\u00f3 el posicionamiento estrat\u00e9gico del puerto, el apoyo de los funcionarios nacionales y provinciales y las excelentes perspectivas para que otros proyectos, como el del Parque Agroindustrial que se planifica en los terrenos cedidos por la UBA, se concreten en beneficio las familias sampedrinas. \u00abEsto es por y para los trabajadores\u00bb se\u00f1al\u00f3 el jefe comunal.<\/p>\n\n\n\n<p>El Ministro de Transporte de la Naci\u00f3n Alexis Guerrera que reemplaz\u00f3 a Meoni y se puso a disposici\u00f3n para reactivar esta iniciativa, habl\u00f3 del modelo de pa\u00eds que se pretende consolidar, dejando de lado los obst\u00e1culos y la falta de apoyo que se sufrieron en tiempos pasados.<\/p>\n\n\n\n<p>La Ministra de Gobierno Cristina \u00c1lvarez Rodr\u00edguez se refiri\u00f3 al gran momento que viven las exportaciones bonaerenses que permiten que nuestros productos lleguen al mundo, con calidad y m\u00e1s trabajo argentino. Puntualiz\u00f3 que s\u00f3lo en agosto, se generaron 2.900 millones de d\u00f3lares de exportaciones bonaerenses, enmarcadas en este renacimiento de todas las actividades tras la Pandemia.<\/p>\n\n\n\n<p>Finalmente el Presidente de la C\u00e1mara de Diputados, Sergio Massa record\u00f3 su hist\u00f3rico v\u00ednculo con San Pedro desde sus comienzos en pol\u00edtica y felicit\u00f3 a todos los involucrados en esta lucha por seguir apostando al crecimiento, en este caso desde el Puerto.<\/p>\n\n\n\n<p>Massa expres\u00f3 tambi\u00e9n su deseo de que despu\u00e9s de las elecciones, se logre generar un di\u00e1logo productivo entre todos los sectores para unir fuerzas con el \u00fanico objetivo de mejorar la vida de todos los argentinos y argentinas.<\/p>\n\n\n\n<p>En la jornada estuvieron presentes adem\u00e1s de las autoridades que encabezaron el acto, funcionarios nacionales y provinciales, intendentes de ciudades vecinas, miembros del equipo de gobierno del Intendente Salazar, concejales, integrantes del consorcio, empresarios y directivos relacionados con la operatoria, entre otros.<\/p>\n\n\n\n<iframe data-src=\"https:\/\/www.facebook.com\/plugins\/post.php?href=https%3A%2F%2Fwww.facebook.com%2Fdiariosp2%2Fposts%2F196293135935893&#038;show_text=true&#038;width=500\" width=\"500\" height=\"683\" style=\"border:none;overflow:hidden\" scrolling=\"no\" frameborder=\"0\" allowfullscreen=\"true\" allow=\"autoplay; clipboard-write; encrypted-media; picture-in-picture; web-share\" src=\"data:image\/svg+xml;base64,PHN2ZyB3aWR0aD0iMSIgaGVpZ2h0PSIxIiB4bWxucz0iaHR0cDovL3d3dy53My5vcmcvMjAwMC9zdmciPjwvc3ZnPg==\" class=\"lazyload\" data-load-mode=\"1\"><\/iframe>\n\n\n\n<iframe width=\"560\" height=\"315\" data-src=\"https:\/\/www.youtube.com\/embed\/xpVl-AQCP9c\" title=\"YouTube video player\" frameborder=\"0\" allow=\"accelerometer; autoplay; clipboard-write; encrypted-media; gyroscope; picture-in-picture\" allowfullscreen src=\"data:image\/svg+xml;base64,PHN2ZyB3aWR0aD0iMSIgaGVpZ2h0PSIxIiB4bWxucz0iaHR0cDovL3d3dy53My5vcmcvMjAwMC9zdmciPjwvc3ZnPg==\" class=\"lazyload\" data-load-mode=\"1\"><\/iframe>\n\n\n\n<p><\/p>\n","protected":false},"excerpt":{"rendered":"<p>Este martes 19 de octubre, se concret\u00f3 uno de los hechos m\u00e1s importantes en la historia del Puerto de San Pedro, con la firma del convenio a trav\u00e9s del cual el Ministerio de Transporte transferir\u00e1 en dos etapas, 1150 millones de pesos para el inicio de las obras de reconstrucci\u00f3n del muelle N\u00ba1. Con los [&hellip;]<\/p>\n","protected":false},"author":4,"featured_media":100413,"comment_status":"closed","ping_status":"closed","sticky":false,"template":"","format":"standard","meta":{"om_disable_all_campaigns":false,"_jetpack_memberships_contains_paid_content":false,"footnotes":""},"categories":[50,101,2],"tags":[],"class_list":["post-100412","post","type-post","status-publish","format-standard","has-post-thumbnail","hentry","category-destacadas","category-interes-general-locales","category-locales"],"aioseo_notices":[],"gutentor_comment":0,"jetpack_featured_media_url":"https:\/\/eldiariodesanpedro.com.ar\/sitio\/wp-content\/uploads\/2021\/10\/247172845_196292735935933_6102983623968016156_n.jpg","jetpack_shortlink":"https:\/\/wp.me\/p6RhLt-q7y","jetpack_sharing_enabled":true,"_links":{"self":[{"href":"https:\/\/eldiariodesanpedro.com.ar\/sitio\/wp-json\/wp\/v2\/posts\/100412","targetHints":{"allow":["GET"]}}],"collection":[{"href":"https:\/\/eldiariodesanpedro.com.ar\/sitio\/wp-json\/wp\/v2\/posts"}],"about":[{"href":"https:\/\/eldiariodesanpedro.com.ar\/sitio\/wp-json\/wp\/v2\/types\/post"}],"author":[{"embeddable":true,"href":"https:\/\/eldiariodesanpedro.com.ar\/sitio\/wp-json\/wp\/v2\/users\/4"}],"replies":[{"embeddable":true,"href":"https:\/\/eldiariodesanpedro.com.ar\/sitio\/wp-json\/wp\/v2\/comments?post=100412"}],"version-history":[{"count":1,"href":"https:\/\/eldiariodesanpedro.com.ar\/sitio\/wp-json\/wp\/v2\/posts\/100412\/revisions"}],"predecessor-version":[{"id":100414,"href":"https:\/\/eldiariodesanpedro.com.ar\/sitio\/wp-json\/wp\/v2\/posts\/100412\/revisions\/100414"}],"wp:featuredmedia":[{"embeddable":true,"href":"https:\/\/eldiariodesanpedro.com.ar\/sitio\/wp-json\/wp\/v2\/media\/100413"}],"wp:attachment":[{"href":"https:\/\/eldiariodesanpedro.com.ar\/sitio\/wp-json\/wp\/v2\/media?parent=100412"}],"wp:term":[{"taxonomy":"category","embeddable":true,"href":"https:\/\/eldiariodesanpedro.com.ar\/sitio\/wp-json\/wp\/v2\/categories?post=100412"},{"taxonomy":"post_tag","embeddable":true,"href":"https:\/\/eldiariodesanpedro.com.ar\/sitio\/wp-json\/wp\/v2\/tags?post=100412"}],"curies":[{"name":"wp","href":"https:\/\/api.w.org\/{rel}","templated":true}]}}