{"id":100410,"date":"2021-10-20T09:11:37","date_gmt":"2021-10-20T12:11:37","guid":{"rendered":"https:\/\/eldiariodesanpedro.com.ar\/sitio\/?p=100410"},"modified":"2021-10-20T09:11:38","modified_gmt":"2021-10-20T12:11:38","slug":"cronograma-de-pagos-para-hoy-miercoles-de-anses-2","status":"publish","type":"post","link":"https:\/\/eldiariodesanpedro.com.ar\/sitio\/cronograma-de-pagos-para-hoy-miercoles-de-anses-2\/","title":{"rendered":"Cronograma de pagos para hoy mi\u00e9rcoles de Anses"},"content":{"rendered":"<!-- VideographyWP Plugin Message: Automatic video embedding prevented by plugin options. -->\n\n<p>El organismo, a cargo de la Lic. Fernanda Raverta, informa que hoy se abonan jubilaciones, pensiones, Asignaci\u00f3n Universal por Hijo, Asignaciones Familiares, Asignaci\u00f3n por Embarazo y los programas Hogar y Alimentario PAMI.<\/p>\n\n\n\n<p><strong>Jubilaciones&nbsp;y&nbsp;pensiones&nbsp;<\/strong><\/p>\n\n\n\n<p>Las sucursales bancarias habilitadas atender\u00e1n por ventanilla a jubilados, jubiladas, pensionados y pensionadas con documentos terminados en&nbsp;<strong>7&nbsp;<\/strong>cuyos<strong>&nbsp;haberes NO SUPEREN la suma de 29.135 pesos<\/strong>.<\/p>\n\n\n\n<p><strong>Asignaci\u00f3n Universal por Hijo y Asignaci\u00f3n Familiar por Hijo<\/strong><\/p>\n\n\n\n<p>Con la utilizaci\u00f3n de la tarjeta de d\u00e9bito, hoy perciben la Asignaci\u00f3n Universal por Hijo y la Asignaci\u00f3n Familiar por Hijo titulares con documentos concluidos en&nbsp;<strong>7<\/strong>.<\/p>\n\n\n\n<p><strong>Asignaci\u00f3n por Embarazo<\/strong><\/p>\n\n\n\n<p>Con la utilizaci\u00f3n de la tarjeta de d\u00e9bito, hoy cobran la Asignaci\u00f3n por Embarazo las titulares con documentos finalizados en&nbsp;<strong>6<\/strong>.<\/p>\n\n\n\n<p><strong>Programa Hogar<\/strong><\/p>\n\n\n\n<p>La ANSES y la Secretar\u00eda de Energ\u00eda impulsan en conjunto el Programa Hogar, hoy el cual se otorga un subsidio para la compra de garrafas en viviendas que no est\u00e1n conectadas a la red de gas natural. Ma\u00f1ana cobran este beneficio las personas con documentos terminados en&nbsp;<strong>7<\/strong>.<\/p>\n\n\n\n<p><strong>Programa Alimentario PAMI<\/strong><\/p>\n\n\n\n<p>En el marco del Programa Alimentario PAMI, la ANSES abona hoy el pago extraordinario equivalente al monto del bols\u00f3n de alimentos&nbsp;para&nbsp;jubilados, jubiladas, pensionados y pensionadas con documentos concluidos en<strong>&nbsp;7&nbsp;<\/strong>cuyos<strong>&nbsp;haberes NO SUPEREN la suma de 29.135 pesos<\/strong>. Para m\u00e1s informaci\u00f3n se puede ingresar a&nbsp;<a href=\"http:\/\/www.pami.org.ar\/programa-alimentario\" target=\"_blank\" rel=\"noreferrer noopener\">www.pami.org.ar\/programa-alimentario<\/a><\/p>\n","protected":false},"excerpt":{"rendered":"<p>El organismo, a cargo de la Lic. Fernanda Raverta, informa que hoy se abonan jubilaciones, pensiones, Asignaci\u00f3n Universal por Hijo, Asignaciones Familiares, Asignaci\u00f3n por Embarazo y los programas Hogar y Alimentario PAMI. Jubilaciones&nbsp;y&nbsp;pensiones&nbsp; Las sucursales bancarias habilitadas atender\u00e1n por ventanilla a jubilados, jubiladas, pensionados y pensionadas con documentos terminados en&nbsp;7&nbsp;cuyos&nbsp;haberes NO SUPEREN la suma de [&hellip;]<\/p>\n","protected":false},"author":4,"featured_media":78465,"comment_status":"closed","ping_status":"closed","sticky":false,"template":"","format":"standard","meta":{"om_disable_all_campaigns":false,"_jetpack_memberships_contains_paid_content":false,"footnotes":""},"categories":[101,2],"tags":[],"class_list":["post-100410","post","type-post","status-publish","format-standard","has-post-thumbnail","hentry","category-interes-general-locales","category-locales"],"aioseo_notices":[],"gutentor_comment":0,"jetpack_featured_media_url":"https:\/\/eldiariodesanpedro.com.ar\/sitio\/wp-content\/uploads\/2020\/07\/anses.jpg","jetpack_shortlink":"https:\/\/wp.me\/p6RhLt-q7w","jetpack_sharing_enabled":true,"_links":{"self":[{"href":"https:\/\/eldiariodesanpedro.com.ar\/sitio\/wp-json\/wp\/v2\/posts\/100410","targetHints":{"allow":["GET"]}}],"collection":[{"href":"https:\/\/eldiariodesanpedro.com.ar\/sitio\/wp-json\/wp\/v2\/posts"}],"about":[{"href":"https:\/\/eldiariodesanpedro.com.ar\/sitio\/wp-json\/wp\/v2\/types\/post"}],"author":[{"embeddable":true,"href":"https:\/\/eldiariodesanpedro.com.ar\/sitio\/wp-json\/wp\/v2\/users\/4"}],"replies":[{"embeddable":true,"href":"https:\/\/eldiariodesanpedro.com.ar\/sitio\/wp-json\/wp\/v2\/comments?post=100410"}],"version-history":[{"count":1,"href":"https:\/\/eldiariodesanpedro.com.ar\/sitio\/wp-json\/wp\/v2\/posts\/100410\/revisions"}],"predecessor-version":[{"id":100411,"href":"https:\/\/eldiariodesanpedro.com.ar\/sitio\/wp-json\/wp\/v2\/posts\/100410\/revisions\/100411"}],"wp:featuredmedia":[{"embeddable":true,"href":"https:\/\/eldiariodesanpedro.com.ar\/sitio\/wp-json\/wp\/v2\/media\/78465"}],"wp:attachment":[{"href":"https:\/\/eldiariodesanpedro.com.ar\/sitio\/wp-json\/wp\/v2\/media?parent=100410"}],"wp:term":[{"taxonomy":"category","embeddable":true,"href":"https:\/\/eldiariodesanpedro.com.ar\/sitio\/wp-json\/wp\/v2\/categories?post=100410"},{"taxonomy":"post_tag","embeddable":true,"href":"https:\/\/eldiariodesanpedro.com.ar\/sitio\/wp-json\/wp\/v2\/tags?post=100410"}],"curies":[{"name":"wp","href":"https:\/\/api.w.org\/{rel}","templated":true}]}}