{"id":10041,"date":"2016-11-10T19:15:45","date_gmt":"2016-11-10T22:15:45","guid":{"rendered":"https:\/\/eldiariodesanpedro.com.ar\/sitio\/?p=10041"},"modified":"2016-11-10T19:15:45","modified_gmt":"2016-11-10T22:15:45","slug":"coopser-informa-trabajos-que-se-estan-llevando-a-cabo","status":"publish","type":"post","link":"https:\/\/eldiariodesanpedro.com.ar\/sitio\/coopser-informa-trabajos-que-se-estan-llevando-a-cabo\/","title":{"rendered":"Coopser informa trabajos que se est\u00e1n llevando a cabo"},"content":{"rendered":"<p><!-- VideographyWP Plugin Message: Automatic video embedding prevented by plugin options. --><br \/>\nA solicitud de particulares y en diferentes proyectos de urbanizaci\u00f3n se trabaja en diversas zonas del partido. Se colocan cuatro suspensiones para alumbrado p\u00fablico en un loteo sobre Ruta 1001, y para otro loteo en marcha en la zona del Callej\u00f3n Tulisi se efect\u00faa la valorizaci\u00f3n de la infraestructura necesaria seg\u00fan planos presentados en un proyecto destinado a 50 usuarios con un presupuesto de un mill\u00f3n doscientos mil pesos. <\/p>\n<p>Se trasladan columnas al distribuidor de tr\u00e1nsito del Paraje Tablas para el tendido de la segunda terna. All\u00ed se montar\u00e1n las estructuras con un presupuesto de $ 945 mil y unos 1880 usuarios beneficiados con esta ostensible mejora en la prestaci\u00f3n del servicio. En la misma obra y con un presupuesto de 610 mil pesos, prosigue el cableado sobre ruta 9 kil\u00f3metro 167 al 170 en media tensi\u00f3n. <\/p>\n<p>A solicitud de una empresa celulosa se extiende la l\u00ednea subterr\u00e1nea y a\u00e9rea en media tensi\u00f3n trif\u00e1sica de 33 kv con un presupuesto de 785 mil pesos en la zona del acceso a Papel Prensa.  Otro equipo trabaja en la reestructuraci\u00f3n de la subestaci\u00f3n transformadora N\u00b0 1513 y conversi\u00f3n del cruce de ruta en media tensi\u00f3n de bif\u00e1sica a trif\u00e1sica. <\/p>\n<p>En Avenida 3 de Febrero 3500 se realiza un cruce de calle solicitado por un particular en baja tensi\u00f3n monof\u00e1sico preensamblado. Tambi\u00e9n por solicitudes y a cargo de particulares, se efect\u00faan la extensi\u00f3n de una l\u00ednea a\u00e9rea de baja tensi\u00f3n trif\u00e1sica en Maino 2647, el corrimiento de una estructura de baja tensi\u00f3n en 9 de Julio 330 y otra extensi\u00f3n de l\u00ednea a\u00e9rea de baja tensi\u00f3n en 9 de Julio 1050. <\/p>\n<p>Contin\u00faan tambi\u00e9n los trabajos para la instalaci\u00f3n de la subestaci\u00f3n transformadora para la Estaci\u00f3n de Servicio GNC de Ruta 191 KM 161.  Cuadrillas de la Cooperativa efect\u00faan adem\u00e1s corrimientos, reparaciones menores de conductores, normalizaci\u00f3n de estructuras afectadas por las condiciones clim\u00e1ticas e instalaci\u00f3n de reflectores para la fiesta organizada por la Escuela 48.<\/p>\n","protected":false},"excerpt":{"rendered":"<p>A solicitud de particulares y en diferentes proyectos de urbanizaci\u00f3n se trabaja en diversas zonas del partido. Se colocan cuatro suspensiones para alumbrado p\u00fablico en un loteo sobre Ruta 1001, y para otro loteo en marcha en la zona del Callej\u00f3n Tulisi se efect\u00faa la valorizaci\u00f3n de la infraestructura necesaria seg\u00fan planos presentados en un [&hellip;]<\/p>\n","protected":false},"author":4,"featured_media":2489,"comment_status":"open","ping_status":"closed","sticky":false,"template":"","format":"standard","meta":{"om_disable_all_campaigns":false,"_jetpack_memberships_contains_paid_content":false,"footnotes":""},"categories":[101,2],"tags":[],"class_list":["post-10041","post","type-post","status-publish","format-standard","has-post-thumbnail","hentry","category-interes-general-locales","category-locales"],"aioseo_notices":[],"gutentor_comment":0,"jetpack_featured_media_url":"https:\/\/eldiariodesanpedro.com.ar\/sitio\/wp-content\/uploads\/2016\/03\/COOPSER.jpg","jetpack_shortlink":"https:\/\/wp.me\/p6RhLt-2BX","jetpack_sharing_enabled":true,"_links":{"self":[{"href":"https:\/\/eldiariodesanpedro.com.ar\/sitio\/wp-json\/wp\/v2\/posts\/10041","targetHints":{"allow":["GET"]}}],"collection":[{"href":"https:\/\/eldiariodesanpedro.com.ar\/sitio\/wp-json\/wp\/v2\/posts"}],"about":[{"href":"https:\/\/eldiariodesanpedro.com.ar\/sitio\/wp-json\/wp\/v2\/types\/post"}],"author":[{"embeddable":true,"href":"https:\/\/eldiariodesanpedro.com.ar\/sitio\/wp-json\/wp\/v2\/users\/4"}],"replies":[{"embeddable":true,"href":"https:\/\/eldiariodesanpedro.com.ar\/sitio\/wp-json\/wp\/v2\/comments?post=10041"}],"version-history":[{"count":1,"href":"https:\/\/eldiariodesanpedro.com.ar\/sitio\/wp-json\/wp\/v2\/posts\/10041\/revisions"}],"predecessor-version":[{"id":10044,"href":"https:\/\/eldiariodesanpedro.com.ar\/sitio\/wp-json\/wp\/v2\/posts\/10041\/revisions\/10044"}],"wp:featuredmedia":[{"embeddable":true,"href":"https:\/\/eldiariodesanpedro.com.ar\/sitio\/wp-json\/wp\/v2\/media\/2489"}],"wp:attachment":[{"href":"https:\/\/eldiariodesanpedro.com.ar\/sitio\/wp-json\/wp\/v2\/media?parent=10041"}],"wp:term":[{"taxonomy":"category","embeddable":true,"href":"https:\/\/eldiariodesanpedro.com.ar\/sitio\/wp-json\/wp\/v2\/categories?post=10041"},{"taxonomy":"post_tag","embeddable":true,"href":"https:\/\/eldiariodesanpedro.com.ar\/sitio\/wp-json\/wp\/v2\/tags?post=10041"}],"curies":[{"name":"wp","href":"https:\/\/api.w.org\/{rel}","templated":true}]}}