{"id":100387,"date":"2021-10-19T14:57:36","date_gmt":"2021-10-19T17:57:36","guid":{"rendered":"https:\/\/eldiariodesanpedro.com.ar\/sitio\/?p=100387"},"modified":"2021-10-19T14:57:47","modified_gmt":"2021-10-19T17:57:47","slug":"policia-femenina-agredida-por-un-joven-con-escombros-y-hierros-2","status":"publish","type":"post","link":"https:\/\/eldiariodesanpedro.com.ar\/sitio\/policia-femenina-agredida-por-un-joven-con-escombros-y-hierros-2\/","title":{"rendered":"Policia femenina agredida por un joven con escombros y hierros"},"content":{"rendered":"<!-- VideographyWP Plugin Message: Automatic video embedding prevented by plugin options. -->\n\n<p>Un ciudadano fue aprehendido por atentado y resistencia a la autoridad provocando lesiones&nbsp;<\/p>\n\n\n\n<p>El hecho tuvo lugar el pasado domingo alrededor de las 21 hs donde tras&nbsp; un llamado al 911 un m\u00f3vil policial acudi\u00f3 a un conflicto vecinal en calle Casella al 800 donde aprehendiendo a joven de 17 a\u00f1os, el cual refer\u00eda amenazas de muerte, empu\u00f1ando elementos contundentes, \u201cescombros y trozos de hierros\u201d y en un estado completamente agresivo,&nbsp; los elementos fueron secuestrados tras que el delincuente atento y agredido f\u00edsicamente a un efectivo femenino,&nbsp; momento se apersonan lugar varios masculinos arrojando elementos contundente a los uniformados, procedi\u00e9ndose r\u00e1pidamente al traslado del agresor, uniformados sufren agresiones f\u00edsicas a parte del masculino, por su parte la agente mujer presenta hematoma en regi\u00f3n de tobillo.&nbsp;<\/p>\n\n\n\n<p>El resto del personal policial y ciudadanos resultaron ilesos.<\/p>\n","protected":false},"excerpt":{"rendered":"<p>Un ciudadano fue aprehendido por atentado y resistencia a la autoridad provocando lesiones&nbsp; El hecho tuvo lugar el pasado domingo alrededor de las 21 hs donde tras&nbsp; un llamado al 911 un m\u00f3vil policial acudi\u00f3 a un conflicto vecinal en calle Casella al 800 donde aprehendiendo a joven de 17 a\u00f1os, el cual refer\u00eda amenazas [&hellip;]<\/p>\n","protected":false},"author":4,"featured_media":100385,"comment_status":"closed","ping_status":"closed","sticky":false,"template":"","format":"standard","meta":{"om_disable_all_campaigns":false,"_jetpack_memberships_contains_paid_content":false,"footnotes":""},"categories":[50,2,103],"tags":[197,33,95,19],"class_list":["post-100387","post","type-post","status-publish","format-standard","has-post-thumbnail","hentry","category-destacadas","category-locales","category-policiales-locales","tag-buenos-aires","tag-locales","tag-policiales","tag-san-pedro"],"aioseo_notices":[],"gutentor_comment":0,"jetpack_featured_media_url":"https:\/\/eldiariodesanpedro.com.ar\/sitio\/wp-content\/uploads\/2021\/10\/WhatsApp-Image-2021-10-19-at-10.24.21.jpeg","jetpack_shortlink":"https:\/\/wp.me\/p6RhLt-q79","jetpack_sharing_enabled":true,"_links":{"self":[{"href":"https:\/\/eldiariodesanpedro.com.ar\/sitio\/wp-json\/wp\/v2\/posts\/100387","targetHints":{"allow":["GET"]}}],"collection":[{"href":"https:\/\/eldiariodesanpedro.com.ar\/sitio\/wp-json\/wp\/v2\/posts"}],"about":[{"href":"https:\/\/eldiariodesanpedro.com.ar\/sitio\/wp-json\/wp\/v2\/types\/post"}],"author":[{"embeddable":true,"href":"https:\/\/eldiariodesanpedro.com.ar\/sitio\/wp-json\/wp\/v2\/users\/4"}],"replies":[{"embeddable":true,"href":"https:\/\/eldiariodesanpedro.com.ar\/sitio\/wp-json\/wp\/v2\/comments?post=100387"}],"version-history":[{"count":1,"href":"https:\/\/eldiariodesanpedro.com.ar\/sitio\/wp-json\/wp\/v2\/posts\/100387\/revisions"}],"predecessor-version":[{"id":100389,"href":"https:\/\/eldiariodesanpedro.com.ar\/sitio\/wp-json\/wp\/v2\/posts\/100387\/revisions\/100389"}],"wp:featuredmedia":[{"embeddable":true,"href":"https:\/\/eldiariodesanpedro.com.ar\/sitio\/wp-json\/wp\/v2\/media\/100385"}],"wp:attachment":[{"href":"https:\/\/eldiariodesanpedro.com.ar\/sitio\/wp-json\/wp\/v2\/media?parent=100387"}],"wp:term":[{"taxonomy":"category","embeddable":true,"href":"https:\/\/eldiariodesanpedro.com.ar\/sitio\/wp-json\/wp\/v2\/categories?post=100387"},{"taxonomy":"post_tag","embeddable":true,"href":"https:\/\/eldiariodesanpedro.com.ar\/sitio\/wp-json\/wp\/v2\/tags?post=100387"}],"curies":[{"name":"wp","href":"https:\/\/api.w.org\/{rel}","templated":true}]}}