{"id":100381,"date":"2021-10-19T14:47:16","date_gmt":"2021-10-19T17:47:16","guid":{"rendered":"https:\/\/eldiariodesanpedro.com.ar\/sitio\/?p=100381"},"modified":"2021-10-19T14:47:21","modified_gmt":"2021-10-19T17:47:21","slug":"un-hombre-fue-enganado-por-una-mujer-en-un-falso-encuentro-amoroso-y-fue-asaltado-por-dos-delincuentes-ya-son-dos-los-detenidos-por-el-caso","status":"publish","type":"post","link":"https:\/\/eldiariodesanpedro.com.ar\/sitio\/un-hombre-fue-enganado-por-una-mujer-en-un-falso-encuentro-amoroso-y-fue-asaltado-por-dos-delincuentes-ya-son-dos-los-detenidos-por-el-caso\/","title":{"rendered":"Un hombre fue enga\u00f1ado por una mujer en un falso encuentro amoroso y fue asaltado por dos delincuentes, ya son dos los detenidos por el caso"},"content":{"rendered":"<!-- VideographyWP Plugin Message: Automatic video embedding prevented by plugin options. -->\n\n<p>En la tarde del domingo pasado el personal del Gabinete Criminol\u00f3gico de la comisar\u00eda, en la intersecci\u00f3n de las calles La Laguna y Davila, detuvo a delincuente reconocido de 21 a\u00f1os de edad, domiciliado en Saavedra al 2000, este sujeto era buscado por orden de detenci\u00f3n y captura extendida por la justicia ordinaria por hecho de \u201crobo calificado\u201d ocurrido el dia 10 octubre de este a\u00f1o en horas de la noche, el delincuente permanece alojado en la comisar\u00eda local a disposici\u00f3n de la fiscal\u00eda N\u00ba 11.&nbsp;<\/p>\n\n\n\n<p>El hecho inicial se dio en un domicilio particular de Saavedra al 2100, cuando un masculino de 43 a\u00f1os, fue llevado enga\u00f1ado por una mujer a encuentro amoroso, y all\u00ed, con la complicidad de esta mujer, ingresaron dos delincuentes que mediante utilizaci\u00f3n de arma blanca lo despojaron de sus efectos personales y dinero en efectivo. En el marco de ese hecho, esa misma noche del d\u00eda 10\/10\/2021 se detuvo a la mujer de 25 a\u00f1os de edad, que a\u00fan permanece detenida en la comisar\u00eda de la ciudad de Ramallo. Queda a\u00fan un pr\u00f3fugo de la justicia, el cual es intensamente buscado y ya se han realizado distintos allanamientos que continuar\u00e1n hasta su detenci\u00f3n.&nbsp;<\/p>\n","protected":false},"excerpt":{"rendered":"<p>En la tarde del domingo pasado el personal del Gabinete Criminol\u00f3gico de la comisar\u00eda, en la intersecci\u00f3n de las calles La Laguna y Davila, detuvo a delincuente reconocido de 21 a\u00f1os de edad, domiciliado en Saavedra al 2000, este sujeto era buscado por orden de detenci\u00f3n y captura extendida por la justicia ordinaria por hecho [&hellip;]<\/p>\n","protected":false},"author":4,"featured_media":100382,"comment_status":"closed","ping_status":"closed","sticky":false,"template":"","format":"standard","meta":{"om_disable_all_campaigns":false,"_jetpack_memberships_contains_paid_content":false,"footnotes":""},"categories":[50,2,103],"tags":[197,33,95],"class_list":["post-100381","post","type-post","status-publish","format-standard","has-post-thumbnail","hentry","category-destacadas","category-locales","category-policiales-locales","tag-buenos-aires","tag-locales","tag-policiales"],"aioseo_notices":[],"gutentor_comment":0,"jetpack_featured_media_url":"https:\/\/eldiariodesanpedro.com.ar\/sitio\/wp-content\/uploads\/2021\/10\/medida-6.jpg","jetpack_shortlink":"https:\/\/wp.me\/p6RhLt-q73","jetpack_sharing_enabled":true,"_links":{"self":[{"href":"https:\/\/eldiariodesanpedro.com.ar\/sitio\/wp-json\/wp\/v2\/posts\/100381","targetHints":{"allow":["GET"]}}],"collection":[{"href":"https:\/\/eldiariodesanpedro.com.ar\/sitio\/wp-json\/wp\/v2\/posts"}],"about":[{"href":"https:\/\/eldiariodesanpedro.com.ar\/sitio\/wp-json\/wp\/v2\/types\/post"}],"author":[{"embeddable":true,"href":"https:\/\/eldiariodesanpedro.com.ar\/sitio\/wp-json\/wp\/v2\/users\/4"}],"replies":[{"embeddable":true,"href":"https:\/\/eldiariodesanpedro.com.ar\/sitio\/wp-json\/wp\/v2\/comments?post=100381"}],"version-history":[{"count":1,"href":"https:\/\/eldiariodesanpedro.com.ar\/sitio\/wp-json\/wp\/v2\/posts\/100381\/revisions"}],"predecessor-version":[{"id":100383,"href":"https:\/\/eldiariodesanpedro.com.ar\/sitio\/wp-json\/wp\/v2\/posts\/100381\/revisions\/100383"}],"wp:featuredmedia":[{"embeddable":true,"href":"https:\/\/eldiariodesanpedro.com.ar\/sitio\/wp-json\/wp\/v2\/media\/100382"}],"wp:attachment":[{"href":"https:\/\/eldiariodesanpedro.com.ar\/sitio\/wp-json\/wp\/v2\/media?parent=100381"}],"wp:term":[{"taxonomy":"category","embeddable":true,"href":"https:\/\/eldiariodesanpedro.com.ar\/sitio\/wp-json\/wp\/v2\/categories?post=100381"},{"taxonomy":"post_tag","embeddable":true,"href":"https:\/\/eldiariodesanpedro.com.ar\/sitio\/wp-json\/wp\/v2\/tags?post=100381"}],"curies":[{"name":"wp","href":"https:\/\/api.w.org\/{rel}","templated":true}]}}