{"id":100379,"date":"2021-10-19T14:19:03","date_gmt":"2021-10-19T17:19:03","guid":{"rendered":"https:\/\/eldiariodesanpedro.com.ar\/sitio\/?p=100379"},"modified":"2021-10-19T14:19:07","modified_gmt":"2021-10-19T17:19:07","slug":"allanamiento-por-el-robo-de-la-camioneta-de-solmi","status":"publish","type":"post","link":"https:\/\/eldiariodesanpedro.com.ar\/sitio\/allanamiento-por-el-robo-de-la-camioneta-de-solmi\/","title":{"rendered":"Allanamiento por el robo de la camioneta de Solmi"},"content":{"rendered":"<!-- VideographyWP Plugin Message: Automatic video embedding prevented by plugin options. -->\n\n<p>La polic\u00eda de la comisar\u00eda el d\u00eda s\u00e1bado en horas del mediod\u00eda, procedi\u00f3 al secuestro de un utilitario abandonado en predio abierto ubicado continuaci\u00f3n de 11 de Septiembre trasponiendo Lucio Mansilla.&nbsp;<\/p>\n\n\n\n<p>El veh\u00edculo era buscado por haber sido sustra\u00eddo horas antes del galp\u00f3n de Urraco entre Mitre y Pellegrini, donde delincuentes ingresaron sin violencia. Adem\u00e1s el damnificado propietario del rodado denunci\u00f3 el faltante de otros efectos.&nbsp;<\/p>\n\n\n\n<p>Por este motivo en la tarde de ayer lunes, el personal policial del gabinete criminol\u00f3gico de la comisar\u00eda diligenci\u00f3 orden de allanamiento en un domicilio de calles Las Provincias y Auli, sin resultados positivos.&nbsp;<\/p>\n\n\n\n<p>Se profundizan averiguaciones tendientes a su esclarecimiento y detenci\u00f3n de autores.<\/p>\n","protected":false},"excerpt":{"rendered":"<p>La polic\u00eda de la comisar\u00eda el d\u00eda s\u00e1bado en horas del mediod\u00eda, procedi\u00f3 al secuestro de un utilitario abandonado en predio abierto ubicado continuaci\u00f3n de 11 de Septiembre trasponiendo Lucio Mansilla.&nbsp; El veh\u00edculo era buscado por haber sido sustra\u00eddo horas antes del galp\u00f3n de Urraco entre Mitre y Pellegrini, donde delincuentes ingresaron sin violencia. Adem\u00e1s [&hellip;]<\/p>\n","protected":false},"author":4,"featured_media":100264,"comment_status":"closed","ping_status":"closed","sticky":false,"template":"","format":"standard","meta":{"om_disable_all_campaigns":false,"_jetpack_memberships_contains_paid_content":false,"footnotes":""},"categories":[2,103],"tags":[197,33,95,19],"class_list":["post-100379","post","type-post","status-publish","format-standard","has-post-thumbnail","hentry","category-locales","category-policiales-locales","tag-buenos-aires","tag-locales","tag-policiales","tag-san-pedro"],"aioseo_notices":[],"gutentor_comment":0,"jetpack_featured_media_url":"https:\/\/eldiariodesanpedro.com.ar\/sitio\/wp-content\/uploads\/2021\/10\/0000020411-resized-1920x1080-1.jpg","jetpack_shortlink":"https:\/\/wp.me\/p6RhLt-q71","jetpack_sharing_enabled":true,"_links":{"self":[{"href":"https:\/\/eldiariodesanpedro.com.ar\/sitio\/wp-json\/wp\/v2\/posts\/100379","targetHints":{"allow":["GET"]}}],"collection":[{"href":"https:\/\/eldiariodesanpedro.com.ar\/sitio\/wp-json\/wp\/v2\/posts"}],"about":[{"href":"https:\/\/eldiariodesanpedro.com.ar\/sitio\/wp-json\/wp\/v2\/types\/post"}],"author":[{"embeddable":true,"href":"https:\/\/eldiariodesanpedro.com.ar\/sitio\/wp-json\/wp\/v2\/users\/4"}],"replies":[{"embeddable":true,"href":"https:\/\/eldiariodesanpedro.com.ar\/sitio\/wp-json\/wp\/v2\/comments?post=100379"}],"version-history":[{"count":1,"href":"https:\/\/eldiariodesanpedro.com.ar\/sitio\/wp-json\/wp\/v2\/posts\/100379\/revisions"}],"predecessor-version":[{"id":100380,"href":"https:\/\/eldiariodesanpedro.com.ar\/sitio\/wp-json\/wp\/v2\/posts\/100379\/revisions\/100380"}],"wp:featuredmedia":[{"embeddable":true,"href":"https:\/\/eldiariodesanpedro.com.ar\/sitio\/wp-json\/wp\/v2\/media\/100264"}],"wp:attachment":[{"href":"https:\/\/eldiariodesanpedro.com.ar\/sitio\/wp-json\/wp\/v2\/media?parent=100379"}],"wp:term":[{"taxonomy":"category","embeddable":true,"href":"https:\/\/eldiariodesanpedro.com.ar\/sitio\/wp-json\/wp\/v2\/categories?post=100379"},{"taxonomy":"post_tag","embeddable":true,"href":"https:\/\/eldiariodesanpedro.com.ar\/sitio\/wp-json\/wp\/v2\/tags?post=100379"}],"curies":[{"name":"wp","href":"https:\/\/api.w.org\/{rel}","templated":true}]}}