{"id":100376,"date":"2021-10-19T14:14:14","date_gmt":"2021-10-19T17:14:14","guid":{"rendered":"https:\/\/eldiariodesanpedro.com.ar\/sitio\/?p=100376"},"modified":"2021-10-19T14:14:18","modified_gmt":"2021-10-19T17:14:18","slug":"joven-aprehendido-con-arma-blanca-2","status":"publish","type":"post","link":"https:\/\/eldiariodesanpedro.com.ar\/sitio\/joven-aprehendido-con-arma-blanca-2\/","title":{"rendered":"Joven aprehendido con arma blanca"},"content":{"rendered":"<!-- VideographyWP Plugin Message: Automatic video embedding prevented by plugin options. -->\n\n<p>Anoche personal de Mart\u00edn Fierro y Ansaloni traslad\u00f3 a sede policial a maculino de 25 a\u00f1os de edad, a quien se le secuestr\u00f3 en su poder arma blanca tipo cuchillo.&nbsp;<\/p>\n\n\n\n<p>Se labraron actuaciones por infracci\u00f3n al c\u00f3digo de faltas ley 8031 intervenci\u00f3n Juzgado de Paz Local<\/p>\n","protected":false},"excerpt":{"rendered":"<p>Anoche personal de Mart\u00edn Fierro y Ansaloni traslad\u00f3 a sede policial a maculino de 25 a\u00f1os de edad, a quien se le secuestr\u00f3 en su poder arma blanca tipo cuchillo.&nbsp; Se labraron actuaciones por infracci\u00f3n al c\u00f3digo de faltas ley 8031 intervenci\u00f3n Juzgado de Paz Local<\/p>\n","protected":false},"author":4,"featured_media":100377,"comment_status":"closed","ping_status":"closed","sticky":false,"template":"","format":"standard","meta":{"om_disable_all_campaigns":false,"_jetpack_memberships_contains_paid_content":false,"footnotes":""},"categories":[2,103],"tags":[197,33,95],"class_list":["post-100376","post","type-post","status-publish","format-standard","has-post-thumbnail","hentry","category-locales","category-policiales-locales","tag-buenos-aires","tag-locales","tag-policiales"],"aioseo_notices":[],"gutentor_comment":0,"jetpack_featured_media_url":"https:\/\/eldiariodesanpedro.com.ar\/sitio\/wp-content\/uploads\/2021\/10\/WhatsApp-Image-2021-10-19-at-10.12.32.jpeg","jetpack_shortlink":"https:\/\/wp.me\/p6RhLt-q6Y","jetpack_sharing_enabled":true,"_links":{"self":[{"href":"https:\/\/eldiariodesanpedro.com.ar\/sitio\/wp-json\/wp\/v2\/posts\/100376","targetHints":{"allow":["GET"]}}],"collection":[{"href":"https:\/\/eldiariodesanpedro.com.ar\/sitio\/wp-json\/wp\/v2\/posts"}],"about":[{"href":"https:\/\/eldiariodesanpedro.com.ar\/sitio\/wp-json\/wp\/v2\/types\/post"}],"author":[{"embeddable":true,"href":"https:\/\/eldiariodesanpedro.com.ar\/sitio\/wp-json\/wp\/v2\/users\/4"}],"replies":[{"embeddable":true,"href":"https:\/\/eldiariodesanpedro.com.ar\/sitio\/wp-json\/wp\/v2\/comments?post=100376"}],"version-history":[{"count":1,"href":"https:\/\/eldiariodesanpedro.com.ar\/sitio\/wp-json\/wp\/v2\/posts\/100376\/revisions"}],"predecessor-version":[{"id":100378,"href":"https:\/\/eldiariodesanpedro.com.ar\/sitio\/wp-json\/wp\/v2\/posts\/100376\/revisions\/100378"}],"wp:featuredmedia":[{"embeddable":true,"href":"https:\/\/eldiariodesanpedro.com.ar\/sitio\/wp-json\/wp\/v2\/media\/100377"}],"wp:attachment":[{"href":"https:\/\/eldiariodesanpedro.com.ar\/sitio\/wp-json\/wp\/v2\/media?parent=100376"}],"wp:term":[{"taxonomy":"category","embeddable":true,"href":"https:\/\/eldiariodesanpedro.com.ar\/sitio\/wp-json\/wp\/v2\/categories?post=100376"},{"taxonomy":"post_tag","embeddable":true,"href":"https:\/\/eldiariodesanpedro.com.ar\/sitio\/wp-json\/wp\/v2\/tags?post=100376"}],"curies":[{"name":"wp","href":"https:\/\/api.w.org\/{rel}","templated":true}]}}