{"id":100374,"date":"2021-10-19T14:08:36","date_gmt":"2021-10-19T17:08:36","guid":{"rendered":"https:\/\/eldiariodesanpedro.com.ar\/sitio\/?p=100374"},"modified":"2021-10-19T14:08:40","modified_gmt":"2021-10-19T17:08:40","slug":"por-una-deuda-de-dinero-lo-golpearon-en-la-calle","status":"publish","type":"post","link":"https:\/\/eldiariodesanpedro.com.ar\/sitio\/por-una-deuda-de-dinero-lo-golpearon-en-la-calle\/","title":{"rendered":"Por una deuda de dinero lo golpearon en la calle"},"content":{"rendered":"<!-- VideographyWP Plugin Message: Automatic video embedding prevented by plugin options. -->\n\n<p>En la jornada de ayer se recibi\u00f3 la denuncia de un ciudadano que fue agredido por otro por una deuda laboral.<\/p>\n\n\n\n<p>En horas de la tarde un joven de 37 a\u00f1os de edad se hace presente en la comisar\u00eda local donde radic\u00f3 una denuncia en la que manifiesta que alrededor de las 18:30 hs circulaba en bicicleta por calle Arnaldo casi Pellegrini donde tiene una discusi\u00f3n con su ex empleador un ciudadano mayor de edad, quien posteriormente lo agrede f\u00edsicamente provocando lesiones car\u00e1cter leves, neg\u00e1ndole deuda que el denunciante le reclama tras ser despedido.<\/p>\n","protected":false},"excerpt":{"rendered":"<p>En la jornada de ayer se recibi\u00f3 la denuncia de un ciudadano que fue agredido por otro por una deuda laboral. En horas de la tarde un joven de 37 a\u00f1os de edad se hace presente en la comisar\u00eda local donde radic\u00f3 una denuncia en la que manifiesta que alrededor de las 18:30 hs circulaba [&hellip;]<\/p>\n","protected":false},"author":4,"featured_media":45394,"comment_status":"closed","ping_status":"closed","sticky":false,"template":"","format":"standard","meta":{"om_disable_all_campaigns":false,"_jetpack_memberships_contains_paid_content":false,"footnotes":""},"categories":[2,103],"tags":[197,33,95,2507],"class_list":["post-100374","post","type-post","status-publish","format-standard","has-post-thumbnail","hentry","category-locales","category-policiales-locales","tag-buenos-aires","tag-locales","tag-policiales","tag-por-una-deuda-de-dinero-lo-golpearon-en-la-calle"],"aioseo_notices":[],"gutentor_comment":0,"jetpack_featured_media_url":"https:\/\/eldiariodesanpedro.com.ar\/sitio\/wp-content\/uploads\/2019\/01\/comisaria.jpg","jetpack_shortlink":"https:\/\/wp.me\/p6RhLt-q6W","jetpack_sharing_enabled":true,"_links":{"self":[{"href":"https:\/\/eldiariodesanpedro.com.ar\/sitio\/wp-json\/wp\/v2\/posts\/100374","targetHints":{"allow":["GET"]}}],"collection":[{"href":"https:\/\/eldiariodesanpedro.com.ar\/sitio\/wp-json\/wp\/v2\/posts"}],"about":[{"href":"https:\/\/eldiariodesanpedro.com.ar\/sitio\/wp-json\/wp\/v2\/types\/post"}],"author":[{"embeddable":true,"href":"https:\/\/eldiariodesanpedro.com.ar\/sitio\/wp-json\/wp\/v2\/users\/4"}],"replies":[{"embeddable":true,"href":"https:\/\/eldiariodesanpedro.com.ar\/sitio\/wp-json\/wp\/v2\/comments?post=100374"}],"version-history":[{"count":1,"href":"https:\/\/eldiariodesanpedro.com.ar\/sitio\/wp-json\/wp\/v2\/posts\/100374\/revisions"}],"predecessor-version":[{"id":100375,"href":"https:\/\/eldiariodesanpedro.com.ar\/sitio\/wp-json\/wp\/v2\/posts\/100374\/revisions\/100375"}],"wp:featuredmedia":[{"embeddable":true,"href":"https:\/\/eldiariodesanpedro.com.ar\/sitio\/wp-json\/wp\/v2\/media\/45394"}],"wp:attachment":[{"href":"https:\/\/eldiariodesanpedro.com.ar\/sitio\/wp-json\/wp\/v2\/media?parent=100374"}],"wp:term":[{"taxonomy":"category","embeddable":true,"href":"https:\/\/eldiariodesanpedro.com.ar\/sitio\/wp-json\/wp\/v2\/categories?post=100374"},{"taxonomy":"post_tag","embeddable":true,"href":"https:\/\/eldiariodesanpedro.com.ar\/sitio\/wp-json\/wp\/v2\/tags?post=100374"}],"curies":[{"name":"wp","href":"https:\/\/api.w.org\/{rel}","templated":true}]}}