{"id":10037,"date":"2016-11-10T19:01:24","date_gmt":"2016-11-10T22:01:24","guid":{"rendered":"https:\/\/eldiariodesanpedro.com.ar\/sitio\/?p=10037"},"modified":"2016-11-10T19:15:25","modified_gmt":"2016-11-10T22:15:25","slug":"baradero-invasion-de-aranas","status":"publish","type":"post","link":"https:\/\/eldiariodesanpedro.com.ar\/sitio\/baradero-invasion-de-aranas\/","title":{"rendered":"Baradero: Invasi\u00f3n de ara\u00f1as"},"content":{"rendered":"<p><!-- VideographyWP Plugin Message: Automatic video embedding prevented by plugin options. --><br \/>\nDesde hace unos d\u00edas en Baradero, sobre todo en la costa y la zona rural, se puede observar una invasi\u00f3n de ara\u00f1as. Sus telas cubren grandes extensiones y muchas se juntan en los postes, galpones y rincones donde se sienten protegidas.<\/p>\n<p>Aparentemente se trata de algo c\u00edclico, que ya ha ocurrido en otras oportunidades y se autocontrola.<br \/>\nEl director de Bromatolog\u00eda e Higiene, el m\u00e9dico veterinario Heraldo Bogliolo, se refiri\u00f3 a esta \u201cinvasi\u00f3n\u201d, rest\u00e1ndole importancia y diciendo que en poco tiempo ir\u00e1 desapareciendo: \u201cSe acerca el calor y salen a cazar las ara\u00f1as, a ver si pueden atrapar insectos voladores mosquitos, moscas, t\u00e1banos, lo que sea. El tema es que cuando salen lo que tenemos que tratar de hacer es no irritarlas, tratar de no acercarnos mucho, si son f\u00f3bicos le podemos poner cualquier insecticida, son muy sensibles a todos los insecticidas\u201d. El facultativo agreg\u00f3: \u201cEl a\u00f1o pasado en la Colonia Suiza tuvimos varios reclamos, tuvimos reclamos en la rotonda, es c\u00edclico\u201d.<\/p>\n<p>Sobre el control dijo: \u201cSe controlan naturalmente ellas mismas, hay que tener en cuenta que son animales can\u00edbales, o sea entre ellas se comen, ellas mismas se controlan\u201d. En el mismo sentido manifest\u00f3, que desde Bromatolog\u00eda, con el control de los mosquitos, ir\u00e1n desapareciendo: \u201cIgual cuando salgamos a fumigar bajar\u00e1 la cantidad de ara\u00f1as\u201d. <\/p>\n","protected":false},"excerpt":{"rendered":"<p>Desde hace unos d\u00edas en Baradero, sobre todo en la costa y la zona rural, se puede observar una invasi\u00f3n de ara\u00f1as. Sus telas cubren grandes extensiones y muchas se juntan en los postes, galpones y rincones donde se sienten protegidas. Aparentemente se trata de algo c\u00edclico, que ya ha ocurrido en otras oportunidades y [&hellip;]<\/p>\n","protected":false},"author":4,"featured_media":10039,"comment_status":"open","ping_status":"closed","sticky":false,"template":"","format":"standard","meta":{"om_disable_all_campaigns":false,"_jetpack_memberships_contains_paid_content":false,"footnotes":""},"categories":[621],"tags":[],"class_list":["post-10037","post","type-post","status-publish","format-standard","has-post-thumbnail","hentry","category-regionales"],"aioseo_notices":[],"gutentor_comment":0,"jetpack_featured_media_url":"https:\/\/eldiariodesanpedro.com.ar\/sitio\/wp-content\/uploads\/2016\/11\/invasion-ara\u00f1as.jpg","jetpack_shortlink":"https:\/\/wp.me\/p6RhLt-2BT","jetpack_sharing_enabled":true,"_links":{"self":[{"href":"https:\/\/eldiariodesanpedro.com.ar\/sitio\/wp-json\/wp\/v2\/posts\/10037","targetHints":{"allow":["GET"]}}],"collection":[{"href":"https:\/\/eldiariodesanpedro.com.ar\/sitio\/wp-json\/wp\/v2\/posts"}],"about":[{"href":"https:\/\/eldiariodesanpedro.com.ar\/sitio\/wp-json\/wp\/v2\/types\/post"}],"author":[{"embeddable":true,"href":"https:\/\/eldiariodesanpedro.com.ar\/sitio\/wp-json\/wp\/v2\/users\/4"}],"replies":[{"embeddable":true,"href":"https:\/\/eldiariodesanpedro.com.ar\/sitio\/wp-json\/wp\/v2\/comments?post=10037"}],"version-history":[{"count":1,"href":"https:\/\/eldiariodesanpedro.com.ar\/sitio\/wp-json\/wp\/v2\/posts\/10037\/revisions"}],"predecessor-version":[{"id":10040,"href":"https:\/\/eldiariodesanpedro.com.ar\/sitio\/wp-json\/wp\/v2\/posts\/10037\/revisions\/10040"}],"wp:featuredmedia":[{"embeddable":true,"href":"https:\/\/eldiariodesanpedro.com.ar\/sitio\/wp-json\/wp\/v2\/media\/10039"}],"wp:attachment":[{"href":"https:\/\/eldiariodesanpedro.com.ar\/sitio\/wp-json\/wp\/v2\/media?parent=10037"}],"wp:term":[{"taxonomy":"category","embeddable":true,"href":"https:\/\/eldiariodesanpedro.com.ar\/sitio\/wp-json\/wp\/v2\/categories?post=10037"},{"taxonomy":"post_tag","embeddable":true,"href":"https:\/\/eldiariodesanpedro.com.ar\/sitio\/wp-json\/wp\/v2\/tags?post=10037"}],"curies":[{"name":"wp","href":"https:\/\/api.w.org\/{rel}","templated":true}]}}