{"id":100369,"date":"2021-10-19T13:54:39","date_gmt":"2021-10-19T16:54:39","guid":{"rendered":"https:\/\/eldiariodesanpedro.com.ar\/sitio\/?p=100369"},"modified":"2021-10-19T13:54:43","modified_gmt":"2021-10-19T16:54:43","slug":"tres-choque-en-calle-nieto-de-torres-en-menos-de-24-horas-uno-de-ellos-un-joven-grave","status":"publish","type":"post","link":"https:\/\/eldiariodesanpedro.com.ar\/sitio\/tres-choque-en-calle-nieto-de-torres-en-menos-de-24-horas-uno-de-ellos-un-joven-grave\/","title":{"rendered":"Tres choque en calle Nieto de Torres en menos de 24 horas, uno de ellos un joven grave"},"content":{"rendered":"<!-- VideographyWP Plugin Message: Automatic video embedding prevented by plugin options. -->\n\n<p>Este lunes alrededor de las 11:30 horas, el personal de la comisar\u00eda local tras ser alertado acude a calle Nieto de Torres y Miguel Porta donde por cuestiones que se trata de establecer colision\u00f3 autom\u00f3vil conducido por masculino de 49 a\u00f1os de edad, con motocicleta 110cc, conducida masculino de 20 a\u00f1os.&nbsp;<\/p>\n\n\n\n<p>Resultados del impacto, conductor motocicleta trasladado al hospital, lesiones sin riesgo de vida. Conductor autom\u00f3vil ileso. Interviene la fiscal\u00eda Nro. 07 San Pedro&nbsp;<\/p>\n\n\n\n<p>Otro accidente ocurri\u00f3 alrededor de las 17:30 horas, el personal de \u00e9ste elemento, tras ser alertado acude a calle Nieto de Torres y Benefactoras Sampedrinas, donde por cuestiones que se trata de establecer colision\u00f3 autom\u00f3vil conducido por masculino de 53 a\u00f1os de edad, con motocicleta 150 cc, conducida por masculino mayor de edad quien llevaba como acompa\u00f1ante a su pareja femenina de 30 a\u00f1os y su hija de 8 a\u00f1os de edad.&nbsp;<\/p>\n\n\n\n<p>Como resultado del impacto, acompa\u00f1antes motocicleta trasladados hospital, se constata&nbsp; lesiones leves, por su parte el conductor motocicleta se fuga con el rodado antes del arribo del m\u00f3vil policial.&nbsp;<\/p>\n\n\n\n<p>Este martes alrededor de las 07:30 horas, el personal policial tras ser alertado acude a calle Nieto de Torres y Manuel Iglesias, donde por cuestiones que se trata de establecer colision\u00f3 autom\u00f3vil conducido por masculino de 27 a\u00f1os de edad, con motocicleta 110cc, conducida por masculino mayor de edad.&nbsp;<\/p>\n\n\n\n<p>Resultando por el impacto el conductor rodado menor lesionado con trauma de cr\u00e1neo, internado asistido por estas horas. Se trata de determinar el car\u00e1cter de las lesiones.<\/p>\n\n\n\n<figure class=\"wp-block-image size-large\"><img decoding=\"async\" width=\"1024\" height=\"769\" data-attachment-id=\"100372\" data-permalink=\"https:\/\/eldiariodesanpedro.com.ar\/sitio\/tres-choque-en-calle-nieto-de-torres-en-menos-de-24-horas-uno-de-ellos-un-joven-grave\/whatsapp-image-2021-10-19-at-10-19-35\/\" data-orig-file=\"https:\/\/eldiariodesanpedro.com.ar\/sitio\/wp-content\/uploads\/2021\/10\/WhatsApp-Image-2021-10-19-at-10.19.35.jpeg\" data-orig-size=\"1156,868\" data-comments-opened=\"0\" data-image-meta=\"{&quot;aperture&quot;:&quot;0&quot;,&quot;credit&quot;:&quot;&quot;,&quot;camera&quot;:&quot;&quot;,&quot;caption&quot;:&quot;&quot;,&quot;created_timestamp&quot;:&quot;0&quot;,&quot;copyright&quot;:&quot;&quot;,&quot;focal_length&quot;:&quot;0&quot;,&quot;iso&quot;:&quot;0&quot;,&quot;shutter_speed&quot;:&quot;0&quot;,&quot;title&quot;:&quot;&quot;,&quot;orientation&quot;:&quot;0&quot;}\" data-image-title=\"WhatsApp Image 2021-10-19 at 10.19.35\" data-image-description=\"\" data-image-caption=\"\" data-large-file=\"https:\/\/eldiariodesanpedro.com.ar\/sitio\/wp-content\/uploads\/2021\/10\/WhatsApp-Image-2021-10-19-at-10.19.35-1024x769.jpeg\" data-src=\"https:\/\/eldiariodesanpedro.com.ar\/sitio\/wp-content\/uploads\/2021\/10\/WhatsApp-Image-2021-10-19-at-10.19.35-1024x769.jpeg\" alt=\"\" class=\"wp-image-100372 lazyload\" data-srcset=\"https:\/\/eldiariodesanpedro.com.ar\/sitio\/wp-content\/uploads\/2021\/10\/WhatsApp-Image-2021-10-19-at-10.19.35-1024x769.jpeg 1024w, https:\/\/eldiariodesanpedro.com.ar\/sitio\/wp-content\/uploads\/2021\/10\/WhatsApp-Image-2021-10-19-at-10.19.35-300x225.jpeg 300w, https:\/\/eldiariodesanpedro.com.ar\/sitio\/wp-content\/uploads\/2021\/10\/WhatsApp-Image-2021-10-19-at-10.19.35-768x577.jpeg 768w, https:\/\/eldiariodesanpedro.com.ar\/sitio\/wp-content\/uploads\/2021\/10\/WhatsApp-Image-2021-10-19-at-10.19.35-500x375.jpeg 500w, https:\/\/eldiariodesanpedro.com.ar\/sitio\/wp-content\/uploads\/2021\/10\/WhatsApp-Image-2021-10-19-at-10.19.35.jpeg 1156w\" data-sizes=\"(max-width: 1024px) 100vw, 1024px\" src=\"data:image\/svg+xml;base64,PHN2ZyB3aWR0aD0iMSIgaGVpZ2h0PSIxIiB4bWxucz0iaHR0cDovL3d3dy53My5vcmcvMjAwMC9zdmciPjwvc3ZnPg==\" style=\"--smush-placeholder-width: 1024px; --smush-placeholder-aspect-ratio: 1024\/769;\" \/><\/figure>\n\n\n\n<figure class=\"wp-block-image size-large\"><img decoding=\"async\" width=\"1024\" height=\"768\" data-attachment-id=\"100370\" data-permalink=\"https:\/\/eldiariodesanpedro.com.ar\/sitio\/tres-choque-en-calle-nieto-de-torres-en-menos-de-24-horas-uno-de-ellos-un-joven-grave\/whatsapp-image-2021-10-19-at-10-19-17\/\" data-orig-file=\"https:\/\/eldiariodesanpedro.com.ar\/sitio\/wp-content\/uploads\/2021\/10\/WhatsApp-Image-2021-10-19-at-10.19.17.jpeg\" data-orig-size=\"1040,780\" data-comments-opened=\"0\" data-image-meta=\"{&quot;aperture&quot;:&quot;0&quot;,&quot;credit&quot;:&quot;&quot;,&quot;camera&quot;:&quot;&quot;,&quot;caption&quot;:&quot;&quot;,&quot;created_timestamp&quot;:&quot;0&quot;,&quot;copyright&quot;:&quot;&quot;,&quot;focal_length&quot;:&quot;0&quot;,&quot;iso&quot;:&quot;0&quot;,&quot;shutter_speed&quot;:&quot;0&quot;,&quot;title&quot;:&quot;&quot;,&quot;orientation&quot;:&quot;0&quot;}\" data-image-title=\"WhatsApp Image 2021-10-19 at 10.19.17\" data-image-description=\"\" data-image-caption=\"\" data-large-file=\"https:\/\/eldiariodesanpedro.com.ar\/sitio\/wp-content\/uploads\/2021\/10\/WhatsApp-Image-2021-10-19-at-10.19.17-1024x768.jpeg\" data-src=\"https:\/\/eldiariodesanpedro.com.ar\/sitio\/wp-content\/uploads\/2021\/10\/WhatsApp-Image-2021-10-19-at-10.19.17-1024x768.jpeg\" alt=\"\" class=\"wp-image-100370 lazyload\" data-srcset=\"https:\/\/eldiariodesanpedro.com.ar\/sitio\/wp-content\/uploads\/2021\/10\/WhatsApp-Image-2021-10-19-at-10.19.17-1024x768.jpeg 1024w, https:\/\/eldiariodesanpedro.com.ar\/sitio\/wp-content\/uploads\/2021\/10\/WhatsApp-Image-2021-10-19-at-10.19.17-300x225.jpeg 300w, https:\/\/eldiariodesanpedro.com.ar\/sitio\/wp-content\/uploads\/2021\/10\/WhatsApp-Image-2021-10-19-at-10.19.17-768x576.jpeg 768w, https:\/\/eldiariodesanpedro.com.ar\/sitio\/wp-content\/uploads\/2021\/10\/WhatsApp-Image-2021-10-19-at-10.19.17-500x375.jpeg 500w, https:\/\/eldiariodesanpedro.com.ar\/sitio\/wp-content\/uploads\/2021\/10\/WhatsApp-Image-2021-10-19-at-10.19.17.jpeg 1040w\" data-sizes=\"(max-width: 1024px) 100vw, 1024px\" src=\"data:image\/svg+xml;base64,PHN2ZyB3aWR0aD0iMSIgaGVpZ2h0PSIxIiB4bWxucz0iaHR0cDovL3d3dy53My5vcmcvMjAwMC9zdmciPjwvc3ZnPg==\" style=\"--smush-placeholder-width: 1024px; --smush-placeholder-aspect-ratio: 1024\/768;\" \/><\/figure>\n","protected":false},"excerpt":{"rendered":"<p>Este lunes alrededor de las 11:30 horas, el personal de la comisar\u00eda local tras ser alertado acude a calle Nieto de Torres y Miguel Porta donde por cuestiones que se trata de establecer colision\u00f3 autom\u00f3vil conducido por masculino de 49 a\u00f1os de edad, con motocicleta 110cc, conducida masculino de 20 a\u00f1os.&nbsp; Resultados del impacto, conductor [&hellip;]<\/p>\n","protected":false},"author":4,"featured_media":100371,"comment_status":"closed","ping_status":"closed","sticky":false,"template":"","format":"standard","meta":{"om_disable_all_campaigns":false,"_jetpack_memberships_contains_paid_content":false,"footnotes":""},"categories":[50,2,103],"tags":[197,33,95,19,2505,2506],"class_list":["post-100369","post","type-post","status-publish","format-standard","has-post-thumbnail","hentry","category-destacadas","category-locales","category-policiales-locales","tag-buenos-aires","tag-locales","tag-policiales","tag-san-pedro","tag-tres-choque-en-calle-nieto-de-torres-en-menos-de-24-horas","tag-uno-de-ellos-un-joven-grave"],"aioseo_notices":[],"gutentor_comment":0,"jetpack_featured_media_url":"https:\/\/eldiariodesanpedro.com.ar\/sitio\/wp-content\/uploads\/2021\/10\/WhatsApp-Image-2021-10-19-at-10.19.27.jpeg","jetpack_shortlink":"https:\/\/wp.me\/p6RhLt-q6R","jetpack_sharing_enabled":true,"_links":{"self":[{"href":"https:\/\/eldiariodesanpedro.com.ar\/sitio\/wp-json\/wp\/v2\/posts\/100369","targetHints":{"allow":["GET"]}}],"collection":[{"href":"https:\/\/eldiariodesanpedro.com.ar\/sitio\/wp-json\/wp\/v2\/posts"}],"about":[{"href":"https:\/\/eldiariodesanpedro.com.ar\/sitio\/wp-json\/wp\/v2\/types\/post"}],"author":[{"embeddable":true,"href":"https:\/\/eldiariodesanpedro.com.ar\/sitio\/wp-json\/wp\/v2\/users\/4"}],"replies":[{"embeddable":true,"href":"https:\/\/eldiariodesanpedro.com.ar\/sitio\/wp-json\/wp\/v2\/comments?post=100369"}],"version-history":[{"count":1,"href":"https:\/\/eldiariodesanpedro.com.ar\/sitio\/wp-json\/wp\/v2\/posts\/100369\/revisions"}],"predecessor-version":[{"id":100373,"href":"https:\/\/eldiariodesanpedro.com.ar\/sitio\/wp-json\/wp\/v2\/posts\/100369\/revisions\/100373"}],"wp:featuredmedia":[{"embeddable":true,"href":"https:\/\/eldiariodesanpedro.com.ar\/sitio\/wp-json\/wp\/v2\/media\/100371"}],"wp:attachment":[{"href":"https:\/\/eldiariodesanpedro.com.ar\/sitio\/wp-json\/wp\/v2\/media?parent=100369"}],"wp:term":[{"taxonomy":"category","embeddable":true,"href":"https:\/\/eldiariodesanpedro.com.ar\/sitio\/wp-json\/wp\/v2\/categories?post=100369"},{"taxonomy":"post_tag","embeddable":true,"href":"https:\/\/eldiariodesanpedro.com.ar\/sitio\/wp-json\/wp\/v2\/tags?post=100369"}],"curies":[{"name":"wp","href":"https:\/\/api.w.org\/{rel}","templated":true}]}}