{"id":100348,"date":"2021-10-19T09:35:35","date_gmt":"2021-10-19T12:35:35","guid":{"rendered":"https:\/\/eldiariodesanpedro.com.ar\/sitio\/?p=100348"},"modified":"2021-10-19T09:35:39","modified_gmt":"2021-10-19T12:35:39","slug":"alberto-fernandez-da-un-paso-para-convertir-planes-en-empleo","status":"publish","type":"post","link":"https:\/\/eldiariodesanpedro.com.ar\/sitio\/alberto-fernandez-da-un-paso-para-convertir-planes-en-empleo\/","title":{"rendered":"Alberto Fern\u00e1ndez da un paso para convertir planes en empleo"},"content":{"rendered":"<!-- VideographyWP Plugin Message: Automatic video embedding prevented by plugin options. -->\n\n<p>Alberto Fern\u00e1ndez indic\u00f3 que la medida permitir\u00e1 que los beneficiarios puedan mantener los subsidios a\u00fan al conseguir un empleo formal.<a href=\"https:\/\/media.infocielo.com\/p\/56e9c05e4e4976671a9cf058ced0fb99\/adjuntos\/299\/imagenes\/001\/307\/0001307959\/887x0\/smart\/alberto-fernandez-recibio-una-carta-una-idea-tener-cuentajpg.jpg\"><\/a><\/p>\n\n\n\n<p>El\u00a0presidente\u00a0<strong>Alberto Fern\u00e1ndez\u00a0<\/strong>firm\u00f3 este lunes el\u00a0Decreto\u00a0711\/2021 mediante el cual el gobierno nacional impulsa la conversi\u00f3n de los planes sociales en\u00a0empleo\u00a0genuino y registrado en el sector privado. El decreto se publicar\u00e1 este martes en el Bolet\u00edn Oficial.<\/p>\n\n\n\n<p>El viernes pasado, durante el Coloquio de IDEA, Alberto Fern\u00e1ndez hab\u00eda anticipado la decisi\u00f3n de avanzar en la medida:\u00a0<strong>\u201cSi algo caracteriz\u00f3 al espacio pol\u00edtico que hoy gobierna la Argentina es la promoci\u00f3n de la inversi\u00f3n empresaria y creaci\u00f3n de empleo, por eso estamos disponiendo a trav\u00e9s de un decreto marco un sistema que posibilite que los que hoy son beneficiarios de planes sociales puedan ser empleados en la actividad privada sin perder ese derecho\u201d<\/strong>.<\/p>\n\n\n\n<p>\u00abLos distintos programas de empleo, inclusi\u00f3n laboral y desarrollo socio-productivos destinados a personas desempleadas o con trabajos precarizados se transformen en mecanismos que incentiven la incorporaci\u00f3n de estos trabajadores al empleo asalariado registrado, o a otros modos de desarrollo de actividad productiva ajustados a las formalidades tanto registrales como tributarias\u00bb, expone en sus objetivos la iniciativa gubernamental.<\/p>\n\n\n\n<p>Para ello, el gobierno llevar\u00e1 adelante cambios en el Programa de Inclusi\u00f3n Socio-Productiva y Desarrollo local \u00abPotenciar Trabajo\u00bb y del Programa de Inserci\u00f3n Laboral creado por el Ministerio de Trabajo.<\/p>\n\n\n\n<p>La iniciativa est\u00e1 en vinculaci\u00f3n con el proyecto de&nbsp;<strong>Sergio Massa<\/strong>&nbsp;presentado d\u00edas atr\u00e1s con el mismo objetivo. \u201cSon medidas complementarias. El DNU abre paso a la Ley\u201d, indicaron fuentes oficiales.<\/p>\n\n\n\n<p>El Decreto dispone a los Ministerios de Desarrollo Social y de Trabajo a realizar modificaciones en sus programas de formaci\u00f3n, empleo e intermediaci\u00f3n laboral, con el objetivo de convertir las diferentes prestaciones de asistencia a personas desempleadas o con trabajos precarizados en \u00abincentivos para la contrataci\u00f3n de sus beneficiarios y beneficiarias bajo la forma de empleo asalariado registrado en el sector privado\u00bb.<\/p>\n\n\n\n<p>La prestaci\u00f3n se considerar\u00e1 \u00abparte integrante del salario respectivo en forma total o parcial, en la forma, plazo y condiciones que se determinen para cada sector de actividad\u00bb.<\/p>\n\n\n\n<p>Producida la discontinuidad del contrato de trabajo, las personas beneficiarias tendr\u00e1n la posibilidad de volver a percibir la asistencia que establece el Programa, si el n\u00famero de cotizaciones al sistema de Seguridad Social no supera los 12 meses dentro de los dos a\u00f1os anteriores al cese del contrato laboral.<\/p>\n","protected":false},"excerpt":{"rendered":"<p>Alberto Fern\u00e1ndez indic\u00f3 que la medida permitir\u00e1 que los beneficiarios puedan mantener los subsidios a\u00fan al conseguir un empleo formal. El\u00a0presidente\u00a0Alberto Fern\u00e1ndez\u00a0firm\u00f3 este lunes el\u00a0Decreto\u00a0711\/2021 mediante el cual el gobierno nacional impulsa la conversi\u00f3n de los planes sociales en\u00a0empleo\u00a0genuino y registrado en el sector privado. El decreto se publicar\u00e1 este martes en el Bolet\u00edn Oficial. [&hellip;]<\/p>\n","protected":false},"author":4,"featured_media":100349,"comment_status":"closed","ping_status":"closed","sticky":false,"template":"","format":"standard","meta":{"om_disable_all_campaigns":false,"_jetpack_memberships_contains_paid_content":false,"footnotes":""},"categories":[621],"tags":[197,681],"class_list":["post-100348","post","type-post","status-publish","format-standard","has-post-thumbnail","hentry","category-regionales","tag-buenos-aires","tag-regionales"],"aioseo_notices":[],"gutentor_comment":0,"jetpack_featured_media_url":"https:\/\/eldiariodesanpedro.com.ar\/sitio\/wp-content\/uploads\/2021\/10\/alberto-fernandez-recibio-una-carta-una-idea-tener-cuentajpg.jpg","jetpack_shortlink":"https:\/\/wp.me\/p6RhLt-q6w","jetpack_sharing_enabled":true,"_links":{"self":[{"href":"https:\/\/eldiariodesanpedro.com.ar\/sitio\/wp-json\/wp\/v2\/posts\/100348","targetHints":{"allow":["GET"]}}],"collection":[{"href":"https:\/\/eldiariodesanpedro.com.ar\/sitio\/wp-json\/wp\/v2\/posts"}],"about":[{"href":"https:\/\/eldiariodesanpedro.com.ar\/sitio\/wp-json\/wp\/v2\/types\/post"}],"author":[{"embeddable":true,"href":"https:\/\/eldiariodesanpedro.com.ar\/sitio\/wp-json\/wp\/v2\/users\/4"}],"replies":[{"embeddable":true,"href":"https:\/\/eldiariodesanpedro.com.ar\/sitio\/wp-json\/wp\/v2\/comments?post=100348"}],"version-history":[{"count":1,"href":"https:\/\/eldiariodesanpedro.com.ar\/sitio\/wp-json\/wp\/v2\/posts\/100348\/revisions"}],"predecessor-version":[{"id":100350,"href":"https:\/\/eldiariodesanpedro.com.ar\/sitio\/wp-json\/wp\/v2\/posts\/100348\/revisions\/100350"}],"wp:featuredmedia":[{"embeddable":true,"href":"https:\/\/eldiariodesanpedro.com.ar\/sitio\/wp-json\/wp\/v2\/media\/100349"}],"wp:attachment":[{"href":"https:\/\/eldiariodesanpedro.com.ar\/sitio\/wp-json\/wp\/v2\/media?parent=100348"}],"wp:term":[{"taxonomy":"category","embeddable":true,"href":"https:\/\/eldiariodesanpedro.com.ar\/sitio\/wp-json\/wp\/v2\/categories?post=100348"},{"taxonomy":"post_tag","embeddable":true,"href":"https:\/\/eldiariodesanpedro.com.ar\/sitio\/wp-json\/wp\/v2\/tags?post=100348"}],"curies":[{"name":"wp","href":"https:\/\/api.w.org\/{rel}","templated":true}]}}