{"id":100345,"date":"2021-10-19T09:28:56","date_gmt":"2021-10-19T12:28:56","guid":{"rendered":"https:\/\/eldiariodesanpedro.com.ar\/sitio\/?p=100345"},"modified":"2021-10-19T09:29:02","modified_gmt":"2021-10-19T12:29:02","slug":"anses-la-tarjeta-alimentar-se-pagara-junto-a-la-auh","status":"publish","type":"post","link":"https:\/\/eldiariodesanpedro.com.ar\/sitio\/anses-la-tarjeta-alimentar-se-pagara-junto-a-la-auh\/","title":{"rendered":"ANSES: la Tarjeta Alimentar se pagar\u00e1 junto a la AUH"},"content":{"rendered":"<!-- VideographyWP Plugin Message: Automatic video embedding prevented by plugin options. -->\n\n<p>El Gobierno Nacional anunci\u00f3 que el monto de la tarjeta Alimentar pasar\u00e1 a depositarse en la cuenta de la AUH.<a href=\"https:\/\/media.infocielo.com\/p\/7b5992138edf9c6307c2922483eee4c3\/adjuntos\/299\/imagenes\/001\/309\/0001309114\/887x0\/smart\/tarjeta-alimentarjpg.jpg\"><\/a><\/p>\n\n\n\n<p>Tras una reuni\u00f3n del presidente\u00a0<strong>Alberto Fern\u00e1ndez<\/strong>\u00a0con el ministro de Desarrollo Social, Juan Zabaleta, y la directora Ejecutiva de la\u00a0<strong>ANSES<\/strong>, Fernanda Raverta, se defini\u00f3 que el monto de la\u00a0<strong>Tarjeta Alimentar<\/strong>\u00a0va a depositarse desde noviembre en las cuentas de la Asignaci\u00f3n Universal por Hijo (AUH).<\/p>\n\n\n\n<p>A trav\u00e9s de su cuenta oficial de Twitter, Alberto Fern\u00e1ndez expres\u00f3 que con este cambio\u00a0<strong>\u201clas familias van a poder organizar mejor sus compras y se ampl\u00edan las posibilidades de consumo\u201d<\/strong>, porque \u201cpodr\u00e1n utilizar el dinero extray\u00e9ndolo del cajero o comprando con d\u00e9bito\u201d.<\/p>\n\n\n\n<p>Asimismo, destac\u00f3 que \u201cse va a beneficiar el consumo directo en los almacenes, carnicer\u00edas y verduler\u00edas de los barrios y ferias de emprendedoras y emprendedores\u201d.<\/p>\n\n\n\n<p>La Directora Ejecutiva de ANSES, consider\u00f3 que la medida busca solucionar \u201clas dificultades que encuentran algunas familias que iban a comprar con la tarjeta Alimentar, porque solo ciertos lugares ten\u00edan la posibilidad de vender y complicaba la diaria, porque las familias argentinas compran en comercios de proximidad\u201d.<\/p>\n\n\n\n<p>A su vez, Raverta expres\u00f3 que&nbsp;<strong>\u201ccon esta medida estamos defendiendo el bolsillo de las familias argentinas y fortaleciendo a los comercios de cercan\u00eda en los barrios<\/strong>, ya que desde ahora las madres tendr\u00e1n la posibilidad de recorrer y buscar la mejor calidad y los mejores precios donde comprar los alimentos para sus hijos\u201d.<\/p>\n\n\n\n<p>Finalmente, se\u00f1al\u00f3 que \u201cmientras durante el gobierno de Mauricio Macri la AUH perdi\u00f3 un 20% de su capacidad de compra, desde que asumimos en diciembre de 2019, la suma de la AUH y la Tarjeta Alimentar han aumentado la capacidad de compra en un 110%\u201d.<\/p>\n\n\n\n<p>Por su parte, Juan Zabaleta se\u00f1al\u00f3 en una conferencia de prensa posterior al encuentro con el mandatario, que \u201ces importante pensar que esto va a beneficiar al consumo en los barrios\u201d. Adem\u00e1s sostuvo que esta \u201ces una medida que tiene que ver con seguir garantizando las pol\u00edticas alimentarias\u201d.<\/p>\n\n\n\n<h2 class=\"wp-block-heading\">\u00bfQu\u00e9 es la Tarjeta Alimentar?<\/h2>\n\n\n\n<p>La Tarjeta Alimentar es un instrumento que entrega el Estado nacional desde enero de 2020 para que todas las personas puedan acceder a la canasta b\u00e1sica alimentaria.<\/p>\n\n\n\n<p>Est\u00e1 dirigida a madres o padres con hijos e hijas de hasta 14 a\u00f1os de edad que reciben la AUH, embarazadas a partir del tercer mes que reciben AUH, personas con discapacidad que reciben AUH y madres con m\u00e1s de 7 hijos.<\/p>\n\n\n\n<p>La misma se implementa de forma autom\u00e1tica, por lo que no hace falta realizar ning\u00fan tr\u00e1mite, a partir del cruce de datos de la ANSES y de la AUH. Es la ANSES la encargada de notificar al titular que est\u00e1 en condiciones de retirar su tarjeta por el banco que determine cada provincia.<\/p>\n\n\n\n<p>El monto var\u00eda en funci\u00f3n de la situaci\u00f3n del titular y su familia:<\/p>\n\n\n\n<ul class=\"wp-block-list\"><li>6.000 pesos para las familias con un hijo o una hija de hasta 14 a\u00f1os de edad o con alguna discapacidad, y para quienes perciben la asignaci\u00f3n por embarazo<\/li><li>9.000 pesos en el caso de los grupos familiares que tienen dos hijos o hijas en la misma franja etaria o con alguna discapacidad<\/li><li>12.000 pesos para familias con tres hijos o m\u00e1s menores de 14 a\u00f1os de edad.<\/li><\/ul>\n","protected":false},"excerpt":{"rendered":"<p>El Gobierno Nacional anunci\u00f3 que el monto de la tarjeta Alimentar pasar\u00e1 a depositarse en la cuenta de la AUH. Tras una reuni\u00f3n del presidente\u00a0Alberto Fern\u00e1ndez\u00a0con el ministro de Desarrollo Social, Juan Zabaleta, y la directora Ejecutiva de la\u00a0ANSES, Fernanda Raverta, se defini\u00f3 que el monto de la\u00a0Tarjeta Alimentar\u00a0va a depositarse desde noviembre en las [&hellip;]<\/p>\n","protected":false},"author":4,"featured_media":100346,"comment_status":"closed","ping_status":"closed","sticky":false,"template":"","format":"standard","meta":{"om_disable_all_campaigns":false,"_jetpack_memberships_contains_paid_content":false,"footnotes":""},"categories":[101,2],"tags":[2501,197,696,33,19],"class_list":["post-100345","post","type-post","status-publish","format-standard","has-post-thumbnail","hentry","category-interes-general-locales","category-locales","tag-anses-la-tarjeta-alimentar-se-pagara-junto-a-la-auh","tag-buenos-aires","tag-interes-general","tag-locales","tag-san-pedro"],"aioseo_notices":[],"gutentor_comment":0,"jetpack_featured_media_url":"https:\/\/eldiariodesanpedro.com.ar\/sitio\/wp-content\/uploads\/2021\/10\/tarjeta-alimentarjpg.jpg","jetpack_shortlink":"https:\/\/wp.me\/p6RhLt-q6t","jetpack_sharing_enabled":true,"_links":{"self":[{"href":"https:\/\/eldiariodesanpedro.com.ar\/sitio\/wp-json\/wp\/v2\/posts\/100345","targetHints":{"allow":["GET"]}}],"collection":[{"href":"https:\/\/eldiariodesanpedro.com.ar\/sitio\/wp-json\/wp\/v2\/posts"}],"about":[{"href":"https:\/\/eldiariodesanpedro.com.ar\/sitio\/wp-json\/wp\/v2\/types\/post"}],"author":[{"embeddable":true,"href":"https:\/\/eldiariodesanpedro.com.ar\/sitio\/wp-json\/wp\/v2\/users\/4"}],"replies":[{"embeddable":true,"href":"https:\/\/eldiariodesanpedro.com.ar\/sitio\/wp-json\/wp\/v2\/comments?post=100345"}],"version-history":[{"count":1,"href":"https:\/\/eldiariodesanpedro.com.ar\/sitio\/wp-json\/wp\/v2\/posts\/100345\/revisions"}],"predecessor-version":[{"id":100347,"href":"https:\/\/eldiariodesanpedro.com.ar\/sitio\/wp-json\/wp\/v2\/posts\/100345\/revisions\/100347"}],"wp:featuredmedia":[{"embeddable":true,"href":"https:\/\/eldiariodesanpedro.com.ar\/sitio\/wp-json\/wp\/v2\/media\/100346"}],"wp:attachment":[{"href":"https:\/\/eldiariodesanpedro.com.ar\/sitio\/wp-json\/wp\/v2\/media?parent=100345"}],"wp:term":[{"taxonomy":"category","embeddable":true,"href":"https:\/\/eldiariodesanpedro.com.ar\/sitio\/wp-json\/wp\/v2\/categories?post=100345"},{"taxonomy":"post_tag","embeddable":true,"href":"https:\/\/eldiariodesanpedro.com.ar\/sitio\/wp-json\/wp\/v2\/tags?post=100345"}],"curies":[{"name":"wp","href":"https:\/\/api.w.org\/{rel}","templated":true}]}}